{"id":605,"date":"2018-04-19T08:54:21","date_gmt":"2018-04-19T08:54:21","guid":{"rendered":"http:\/\/www.glorialerin.com\/terapias\/como-estar-en-calma-dentro-de-la-actividad-2\/"},"modified":"2018-04-19T08:58:40","modified_gmt":"2018-04-19T08:58:40","slug":"sanarse-a-traves-de-las-imagenes-interiores","status":"publish","type":"post","link":"https:\/\/www.glorialerin.com\/terapias\/sanarse-a-traves-de-las-imagenes-interiores\/","title":{"rendered":"Sanarse a trav\u00e9s de las im\u00e1genes interiores"},"content":{"rendered":"<p>[et_pb_section bb_built=\u00bb1&#8243; fullwidth=\u00bbon\u00bb _builder_version=\u00bb3.0.92&#8243;][et_pb_fullwidth_slider _builder_version=\u00bb3.0.92&#8243; show_arrows=\u00bbon\u00bb show_pagination=\u00bbon\u00bb show_inner_shadow=\u00bbon\u00bb custom_button=\u00bboff\u00bb button_icon_placement=\u00bbright\u00bb show_content_on_mobile=\u00bbon\u00bb show_cta_on_mobile=\u00bbon\u00bb show_image_video_mobile=\u00bboff\u00bb][et_pb_slide heading=\u00bbSANARSE A TRAV\u00c9S DE LAS IM\u00c1GENES INTERIORES\u00bb use_bg_overlay=\u00bboff\u00bb use_text_overlay=\u00bboff\u00bb _builder_version=\u00bb3.0.92&#8243; header_font=\u00bbMontserrat|700|||||||\u00bb header_font_size=\u00bb50px\u00bb header_font_size_tablet=\u00bb50px\u00bb header_font_size_phone=\u00bb50px\u00bb body_font=\u00bbMontserrat||||||||\u00bb body_font_size=\u00bb20px\u00bb body_font_size_tablet=\u00bb20px\u00bb body_font_size_phone=\u00bb20px\u00bb background_image=\u00bbhttp:\/\/www.glorialerin.com\/terapias\/wp-content\/uploads\/2018\/03\/imagenes-de-transformacion-gloria-lerin.png\u00bb use_background_color_gradient=\u00bboff\u00bb background_color_gradient_start=\u00bb#2b87da\u00bb background_color_gradient_end=\u00bb#29c4a9&#8243; background_color_gradient_type=\u00bblinear\u00bb background_color_gradient_direction=\u00bb180deg\u00bb background_color_gradient_direction_radial=\u00bbcenter\u00bb background_color_gradient_start_position=\u00bb0%\u00bb background_color_gradient_end_position=\u00bb100%\u00bb background_color_gradient_overlays_image=\u00bboff\u00bb parallax=\u00bboff\u00bb parallax_method=\u00bbon\u00bb background_size=\u00bbcover\u00bb background_position=\u00bbcenter\u00bb background_repeat=\u00bbno-repeat\u00bb background_blend=\u00bbnormal\u00bb allow_player_pause=\u00bboff\u00bb text_border_radius=\u00bb3&#8243; alignment=\u00bbcenter\u00bb child_filter_hue_rotate=\u00bb0deg\u00bb child_filter_saturate=\u00bb100%\u00bb child_filter_brightness=\u00bb100%\u00bb child_filter_contrast=\u00bb100%\u00bb child_filter_invert=\u00bb0%\u00bb child_filter_sepia=\u00bb0%\u00bb child_filter_opacity=\u00bb100%\u00bb child_filter_blur=\u00bb0px\u00bb child_mix_blend_mode=\u00bbnormal\u00bb background_layout=\u00bbdark\u00bb]<\/p>\n<p>GLORIA LERIN<\/p>\n<p>[\/et_pb_slide][\/et_pb_fullwidth_slider][\/et_pb_section][et_pb_section bb_built=\u00bb1&#8243; _builder_version=\u00bb3.0.92&#8243; custom_padding=\u00bb54px|0px|0px|0px\u00bb][et_pb_row _builder_version=\u00bb3.0.92&#8243;][et_pb_column type=\u00bb1_2&#8243;][et_pb_text _builder_version=\u00bb3.0.92&#8243; background_layout=\u00bblight\u00bb]<\/p>\n<div class=\"et_pb_text et_pb_module et_pb_bg_layout_light et_pb_text_align_left et_pb_text_0\">\n<div class=\"et_pb_text_inner\">\n<div class=\"et_pb_text et_pb_module et_pb_bg_layout_light et_pb_text_align_left et_pb_text_0\">\n<div class=\"et_pb_text_inner\">\n<div class=\"et_pb_text et_pb_module et_pb_bg_layout_light et_pb_text_align_left et_pb_text_0\">\n<div class=\"et_pb_text_inner\">\n<div class=\"et_pb_text et_pb_module et_pb_bg_layout_light et_pb_text_align_left et_pb_text_0\">\n<div class=\"et_pb_text_inner\">Nuestro Mundo Interior es nuestro mejor aliado y el guardi\u00e1n de nuestros secretos mejor guardados! En este corto video Nicolas Bornemisza experto Junguiano y co-autor del libro \u00abSanarse a trav\u00e9s de las Im\u00e1genes Interiores\u00bb te dar\u00e1 algunas pistas para empezar este apasionante viaje hacia ti mismo.<br \/>\n<strong><br \/>\nLugar: L\u2019eix-ample. C\/ Bruc 125 bajos. Barcelona<br \/>\nTel\u00e9fono: 93 457 61 40<br \/>\ninfo@glorialerin.com \/ www.glorialerin.com <\/strong><\/p>\n<\/div>\n<\/div>\n<\/div>\n<\/div>\n<\/div>\n<\/div>\n<\/div>\n<\/div>\n<p>[\/et_pb_text][\/et_pb_column][et_pb_column type=\u00bb1_2&#8243;][et_pb_code _builder_version=\u00bb3.0.92&#8243;]&lt;iframe width=\u00bb560&#8243; height=\u00bb315&#8243; src=\u00bbhttps:\/\/www.youtube.com\/embed\/qJdfUF38GyI?rel=0&#8243; frameborder=\u00bb0&#8243; allow=\u00bbautoplay; encrypted-media\u00bb allowfullscreen&gt;&lt;\/iframe&gt;[\/et_pb_code][\/et_pb_column][\/et_pb_row][\/et_pb_section]<\/p>\n","protected":false},"excerpt":{"rendered":"<p>GLORIA LERIN Nuestro Mundo Interior es nuestro mejor aliado y el guardi\u00e1n de nuestros secretos mejor guardados! En este corto video Nicolas Bornemisza experto Junguiano y co-autor del libro \u00abSanarse a trav\u00e9s de las Im\u00e1genes Interiores\u00bb te dar\u00e1 algunas pistas para empezar este apasionante viaje hacia ti mismo. Lugar: L\u2019eix-ample. C\/ Bruc 125 bajos. Barcelona [&hellip;]<\/p>\n","protected":false},"author":1,"featured_media":607,"comment_status":"open","ping_status":"open","sticky":false,"template":"","format":"standard","meta":{"_et_pb_use_builder":"on","_et_pb_old_content":"","_et_gb_content_width":"","footnotes":""},"categories":[1],"tags":[],"table_tags":[],"class_list":["post-605","post","type-post","status-publish","format-standard","has-post-thumbnail","hentry","category-sin-categoria"],"yoast_head":"<!-- This site is optimized with the Yoast SEO plugin v26.2 - https:\/\/yoast.com\/wordpress\/plugins\/seo\/ -->\n<title>Sanarse a trav\u00e9s de las im\u00e1genes interiores - Glora Lerin<\/title>\n<meta name=\"robots\" content=\"index, follow, max-snippet:-1, max-image-preview:large, max-video-preview:-1\" \/>\n<link rel=\"canonical\" href=\"https:\/\/www.glorialerin.com\/terapias\/sanarse-a-traves-de-las-imagenes-interiores\/\" \/>\n<meta property=\"og:locale\" content=\"es_ES\" \/>\n<meta property=\"og:type\" content=\"article\" \/>\n<meta property=\"og:title\" content=\"Sanarse a trav\u00e9s de las im\u00e1genes interiores - Glora Lerin\" \/>\n<meta property=\"og:description\" content=\"GLORIA LERIN Nuestro Mundo Interior es nuestro mejor aliado y el guardi\u00e1n de nuestros secretos mejor guardados! En este corto video Nicolas Bornemisza experto Junguiano y co-autor del libro &quot;Sanarse a trav\u00e9s de las Im\u00e1genes Interiores&quot; te dar\u00e1 algunas pistas para empezar este apasionante viaje hacia ti mismo. Lugar: L\u2019eix-ample. C\/ Bruc 125 bajos. Barcelona [&hellip;]\" \/>\n<meta property=\"og:url\" content=\"https:\/\/www.glorialerin.com\/terapias\/sanarse-a-traves-de-las-imagenes-interiores\/\" \/>\n<meta property=\"og:site_name\" content=\"Glora Lerin\" \/>\n<meta property=\"article:published_time\" content=\"2018-04-19T08:54:21+00:00\" \/>\n<meta property=\"article:modified_time\" content=\"2018-04-19T08:58:40+00:00\" \/>\n<meta property=\"og:image\" content=\"https:\/\/www.glorialerin.com\/terapias\/wp-content\/uploads\/2018\/04\/gloria-lerin-diplomada.jpg\" \/>\n\t<meta property=\"og:image:width\" content=\"1280\" \/>\n\t<meta property=\"og:image:height\" content=\"720\" \/>\n\t<meta property=\"og:image:type\" content=\"image\/jpeg\" \/>\n<meta name=\"author\" content=\"moon\" \/>\n<meta name=\"twitter:card\" content=\"summary_large_image\" \/>\n<meta name=\"twitter:label1\" content=\"Escrito por\" \/>\n\t<meta name=\"twitter:data1\" content=\"moon\" \/>\n\t<meta name=\"twitter:label2\" content=\"Tiempo de lectura\" \/>\n\t<meta name=\"twitter:data2\" content=\"2 minutos\" \/>\n<script type=\"application\/ld+json\" class=\"yoast-schema-graph\">{\"@context\":\"https:\/\/schema.org\",\"@graph\":[{\"@type\":\"WebPage\",\"@id\":\"https:\/\/www.glorialerin.com\/terapias\/sanarse-a-traves-de-las-imagenes-interiores\/\",\"url\":\"https:\/\/www.glorialerin.com\/terapias\/sanarse-a-traves-de-las-imagenes-interiores\/\",\"name\":\"Sanarse a trav\u00e9s de las im\u00e1genes interiores - Glora Lerin\",\"isPartOf\":{\"@id\":\"https:\/\/www.glorialerin.com\/terapias\/#website\"},\"primaryImageOfPage\":{\"@id\":\"https:\/\/www.glorialerin.com\/terapias\/sanarse-a-traves-de-las-imagenes-interiores\/#primaryimage\"},\"image\":{\"@id\":\"https:\/\/www.glorialerin.com\/terapias\/sanarse-a-traves-de-las-imagenes-interiores\/#primaryimage\"},\"thumbnailUrl\":\"https:\/\/www.glorialerin.com\/terapias\/wp-content\/uploads\/2018\/04\/gloria-lerin-diplomada.jpg\",\"datePublished\":\"2018-04-19T08:54:21+00:00\",\"dateModified\":\"2018-04-19T08:58:40+00:00\",\"author\":{\"@id\":\"https:\/\/www.glorialerin.com\/terapias\/#\/schema\/person\/f4409222b72fc0f7d40bd2cfe53b1f29\"},\"breadcrumb\":{\"@id\":\"https:\/\/www.glorialerin.com\/terapias\/sanarse-a-traves-de-las-imagenes-interiores\/#breadcrumb\"},\"inLanguage\":\"es\",\"potentialAction\":[{\"@type\":\"ReadAction\",\"target\":[\"https:\/\/www.glorialerin.com\/terapias\/sanarse-a-traves-de-las-imagenes-interiores\/\"]}]},{\"@type\":\"ImageObject\",\"inLanguage\":\"es\",\"@id\":\"https:\/\/www.glorialerin.com\/terapias\/sanarse-a-traves-de-las-imagenes-interiores\/#primaryimage\",\"url\":\"https:\/\/www.glorialerin.com\/terapias\/wp-content\/uploads\/2018\/04\/gloria-lerin-diplomada.jpg\",\"contentUrl\":\"https:\/\/www.glorialerin.com\/terapias\/wp-content\/uploads\/2018\/04\/gloria-lerin-diplomada.jpg\",\"width\":1280,\"height\":720},{\"@type\":\"BreadcrumbList\",\"@id\":\"https:\/\/www.glorialerin.com\/terapias\/sanarse-a-traves-de-las-imagenes-interiores\/#breadcrumb\",\"itemListElement\":[{\"@type\":\"ListItem\",\"position\":1,\"name\":\"Portada\",\"item\":\"https:\/\/www.glorialerin.com\/terapias\/\"},{\"@type\":\"ListItem\",\"position\":2,\"name\":\"Sanarse a trav\u00e9s de las im\u00e1genes interiores\"}]},{\"@type\":\"WebSite\",\"@id\":\"https:\/\/www.glorialerin.com\/terapias\/#website\",\"url\":\"https:\/\/www.glorialerin.com\/terapias\/\",\"name\":\"Glora Lerin\",\"description\":\"\",\"potentialAction\":[{\"@type\":\"SearchAction\",\"target\":{\"@type\":\"EntryPoint\",\"urlTemplate\":\"https:\/\/www.glorialerin.com\/terapias\/?s={search_term_string}\"},\"query-input\":{\"@type\":\"PropertyValueSpecification\",\"valueRequired\":true,\"valueName\":\"search_term_string\"}}],\"inLanguage\":\"es\"},{\"@type\":\"Person\",\"@id\":\"https:\/\/www.glorialerin.com\/terapias\/#\/schema\/person\/f4409222b72fc0f7d40bd2cfe53b1f29\",\"name\":\"moon\",\"image\":{\"@type\":\"ImageObject\",\"inLanguage\":\"es\",\"@id\":\"https:\/\/www.glorialerin.com\/terapias\/#\/schema\/person\/image\/\",\"url\":\"https:\/\/secure.gravatar.com\/avatar\/e57afb0fb9a1bd08f259ead4ed3a3e13ce2a23534f01fe930b95d1ac825be35f?s=96&d=mm&r=g\",\"contentUrl\":\"https:\/\/secure.gravatar.com\/avatar\/e57afb0fb9a1bd08f259ead4ed3a3e13ce2a23534f01fe930b95d1ac825be35f?s=96&d=mm&r=g\",\"caption\":\"moon\"},\"url\":\"https:\/\/www.glorialerin.com\/terapias\/author\/moon\/\"}]}<\/script>\n<!-- \/ Yoast SEO plugin. -->","yoast_head_json":{"title":"Sanarse a trav\u00e9s de las im\u00e1genes interiores - Glora Lerin","robots":{"index":"index","follow":"follow","max-snippet":"max-snippet:-1","max-image-preview":"max-image-preview:large","max-video-preview":"max-video-preview:-1"},"canonical":"https:\/\/www.glorialerin.com\/terapias\/sanarse-a-traves-de-las-imagenes-interiores\/","og_locale":"es_ES","og_type":"article","og_title":"Sanarse a trav\u00e9s de las im\u00e1genes interiores - Glora Lerin","og_description":"GLORIA LERIN Nuestro Mundo Interior es nuestro mejor aliado y el guardi\u00e1n de nuestros secretos mejor guardados! En este corto video Nicolas Bornemisza experto Junguiano y co-autor del libro \"Sanarse a trav\u00e9s de las Im\u00e1genes Interiores\" te dar\u00e1 algunas pistas para empezar este apasionante viaje hacia ti mismo. Lugar: L\u2019eix-ample. C\/ Bruc 125 bajos. Barcelona [&hellip;]","og_url":"https:\/\/www.glorialerin.com\/terapias\/sanarse-a-traves-de-las-imagenes-interiores\/","og_site_name":"Glora Lerin","article_published_time":"2018-04-19T08:54:21+00:00","article_modified_time":"2018-04-19T08:58:40+00:00","og_image":[{"width":1280,"height":720,"url":"https:\/\/www.glorialerin.com\/terapias\/wp-content\/uploads\/2018\/04\/gloria-lerin-diplomada.jpg","type":"image\/jpeg"}],"author":"moon","twitter_card":"summary_large_image","twitter_misc":{"Escrito por":"moon","Tiempo de lectura":"2 minutos"},"schema":{"@context":"https:\/\/schema.org","@graph":[{"@type":"WebPage","@id":"https:\/\/www.glorialerin.com\/terapias\/sanarse-a-traves-de-las-imagenes-interiores\/","url":"https:\/\/www.glorialerin.com\/terapias\/sanarse-a-traves-de-las-imagenes-interiores\/","name":"Sanarse a trav\u00e9s de las im\u00e1genes interiores - Glora Lerin","isPartOf":{"@id":"https:\/\/www.glorialerin.com\/terapias\/#website"},"primaryImageOfPage":{"@id":"https:\/\/www.glorialerin.com\/terapias\/sanarse-a-traves-de-las-imagenes-interiores\/#primaryimage"},"image":{"@id":"https:\/\/www.glorialerin.com\/terapias\/sanarse-a-traves-de-las-imagenes-interiores\/#primaryimage"},"thumbnailUrl":"https:\/\/www.glorialerin.com\/terapias\/wp-content\/uploads\/2018\/04\/gloria-lerin-diplomada.jpg","datePublished":"2018-04-19T08:54:21+00:00","dateModified":"2018-04-19T08:58:40+00:00","author":{"@id":"https:\/\/www.glorialerin.com\/terapias\/#\/schema\/person\/f4409222b72fc0f7d40bd2cfe53b1f29"},"breadcrumb":{"@id":"https:\/\/www.glorialerin.com\/terapias\/sanarse-a-traves-de-las-imagenes-interiores\/#breadcrumb"},"inLanguage":"es","potentialAction":[{"@type":"ReadAction","target":["https:\/\/www.glorialerin.com\/terapias\/sanarse-a-traves-de-las-imagenes-interiores\/"]}]},{"@type":"ImageObject","inLanguage":"es","@id":"https:\/\/www.glorialerin.com\/terapias\/sanarse-a-traves-de-las-imagenes-interiores\/#primaryimage","url":"https:\/\/www.glorialerin.com\/terapias\/wp-content\/uploads\/2018\/04\/gloria-lerin-diplomada.jpg","contentUrl":"https:\/\/www.glorialerin.com\/terapias\/wp-content\/uploads\/2018\/04\/gloria-lerin-diplomada.jpg","width":1280,"height":720},{"@type":"BreadcrumbList","@id":"https:\/\/www.glorialerin.com\/terapias\/sanarse-a-traves-de-las-imagenes-interiores\/#breadcrumb","itemListElement":[{"@type":"ListItem","position":1,"name":"Portada","item":"https:\/\/www.glorialerin.com\/terapias\/"},{"@type":"ListItem","position":2,"name":"Sanarse a trav\u00e9s de las im\u00e1genes interiores"}]},{"@type":"WebSite","@id":"https:\/\/www.glorialerin.com\/terapias\/#website","url":"https:\/\/www.glorialerin.com\/terapias\/","name":"Glora Lerin","description":"","potentialAction":[{"@type":"SearchAction","target":{"@type":"EntryPoint","urlTemplate":"https:\/\/www.glorialerin.com\/terapias\/?s={search_term_string}"},"query-input":{"@type":"PropertyValueSpecification","valueRequired":true,"valueName":"search_term_string"}}],"inLanguage":"es"},{"@type":"Person","@id":"https:\/\/www.glorialerin.com\/terapias\/#\/schema\/person\/f4409222b72fc0f7d40bd2cfe53b1f29","name":"moon","image":{"@type":"ImageObject","inLanguage":"es","@id":"https:\/\/www.glorialerin.com\/terapias\/#\/schema\/person\/image\/","url":"https:\/\/secure.gravatar.com\/avatar\/e57afb0fb9a1bd08f259ead4ed3a3e13ce2a23534f01fe930b95d1ac825be35f?s=96&d=mm&r=g","contentUrl":"https:\/\/secure.gravatar.com\/avatar\/e57afb0fb9a1bd08f259ead4ed3a3e13ce2a23534f01fe930b95d1ac825be35f?s=96&d=mm&r=g","caption":"moon"},"url":"https:\/\/www.glorialerin.com\/terapias\/author\/moon\/"}]}},"_links":{"self":[{"href":"https:\/\/www.glorialerin.com\/terapias\/wp-json\/wp\/v2\/posts\/605","targetHints":{"allow":["GET"]}}],"collection":[{"href":"https:\/\/www.glorialerin.com\/terapias\/wp-json\/wp\/v2\/posts"}],"about":[{"href":"https:\/\/www.glorialerin.com\/terapias\/wp-json\/wp\/v2\/types\/post"}],"author":[{"embeddable":true,"href":"https:\/\/www.glorialerin.com\/terapias\/wp-json\/wp\/v2\/users\/1"}],"replies":[{"embeddable":true,"href":"https:\/\/www.glorialerin.com\/terapias\/wp-json\/wp\/v2\/comments?post=605"}],"version-history":[{"count":2,"href":"https:\/\/www.glorialerin.com\/terapias\/wp-json\/wp\/v2\/posts\/605\/revisions"}],"predecessor-version":[{"id":608,"href":"https:\/\/www.glorialerin.com\/terapias\/wp-json\/wp\/v2\/posts\/605\/revisions\/608"}],"wp:featuredmedia":[{"embeddable":true,"href":"https:\/\/www.glorialerin.com\/terapias\/wp-json\/wp\/v2\/media\/607"}],"wp:attachment":[{"href":"https:\/\/www.glorialerin.com\/terapias\/wp-json\/wp\/v2\/media?parent=605"}],"wp:term":[{"taxonomy":"category","embeddable":true,"href":"https:\/\/www.glorialerin.com\/terapias\/wp-json\/wp\/v2\/categories?post=605"},{"taxonomy":"post_tag","embeddable":true,"href":"https:\/\/www.glorialerin.com\/terapias\/wp-json\/wp\/v2\/tags?post=605"},{"taxonomy":"table_tags","embeddable":true,"href":"https:\/\/www.glorialerin.com\/terapias\/wp-json\/wp\/v2\/table_tags?post=605"}],"curies":[{"name":"wp","href":"https:\/\/api.w.org\/{rel}","templated":true}]}}