{"id":573,"date":"2018-03-14T17:35:36","date_gmt":"2018-03-14T17:35:36","guid":{"rendered":"http:\/\/www.glorialerin.com\/terapias\/lee-klinger-lesser-y-gloria-lerin-que-es-la-consciencia-sensorial-2\/"},"modified":"2018-03-14T17:44:07","modified_gmt":"2018-03-14T17:44:07","slug":"que-es-el-metodo-de-imagenes-de-transformacion","status":"publish","type":"post","link":"https:\/\/www.glorialerin.com\/terapias\/que-es-el-metodo-de-imagenes-de-transformacion\/","title":{"rendered":"\u00bfQu\u00e9 es el m\u00e9todo de Im\u00e1genes de Transformaci\u00f3n? IT\u00a9"},"content":{"rendered":"<p>[et_pb_section fb_built=\u00bb1&#8243; fullwidth=\u00bbon\u00bb _builder_version=\u00bb3.0.92&#8243;][et_pb_fullwidth_slider _builder_version=\u00bb3.0.92&#8243;][et_pb_slide heading=\u00bbIM\u00c1GENES DE TRANSFORMACI\u00d3N. IT\u00a9\u00bb use_bg_overlay=\u00bboff\u00bb use_text_overlay=\u00bboff\u00bb _builder_version=\u00bb3.0.92&#8243; header_font=\u00bbMontserrat|700|||||||\u00bb header_font_size=\u00bb50px\u00bb header_font_size_tablet=\u00bb50px\u00bb header_font_size_phone=\u00bb50px\u00bb body_font=\u00bbMontserrat||||||||\u00bb body_font_size=\u00bb20px\u00bb body_font_size_tablet=\u00bb20px\u00bb body_font_size_phone=\u00bb20px\u00bb background_image=\u00bbhttp:\/\/www.glorialerin.com\/terapias\/wp-content\/uploads\/2018\/03\/imagenes-de-transformacion-gloria-lerin.png\u00bb]GLORIA LERIN<br \/>\n[\/et_pb_slide][\/et_pb_fullwidth_slider][\/et_pb_section][et_pb_section fb_built=\u00bb1&#8243; _builder_version=\u00bb3.0.92&#8243; custom_padding=\u00bb54px|0px|0px|0px\u00bb][et_pb_row _builder_version=\u00bb3.0.92&#8243;][et_pb_column type=\u00bb1_2&#8243; _builder_version=\u00bb3.0.47&#8243; parallax=\u00bboff\u00bb parallax_method=\u00bbon\u00bb][et_pb_text _builder_version=\u00bb3.0.92&#8243;]<\/p>\n<div class=\"et_pb_text et_pb_module et_pb_bg_layout_light et_pb_text_align_left et_pb_text_0\">\n<div class=\"et_pb_text_inner\">\n<div class=\"et_pb_text et_pb_module et_pb_bg_layout_light et_pb_text_align_left et_pb_text_0\">\n<div class=\"et_pb_text_inner\">\n<div class=\"et_pb_text et_pb_module et_pb_bg_layout_light et_pb_text_align_left  et_pb_text_0\">\n<div class=\"et_pb_text_inner\">\n<p><strong>IT\u00a9 es una herramienta privilegiada para entrar en contacto con nuestro mundo interior: el inconsciente y sus s\u00edmbolos. <\/strong><\/p>\n<p>\u00a0<strong>El primer objetivo es establecer una comunicaci\u00f3n y una alianza con este mundo interior y despertar la sabidur\u00eda ancestral que hay en \u00e9l. El inconsciente se expresa principalmente por im\u00e1genes simb\u00f3licas. Est\u00e1 siempre preparado a aconsejarnos, a ayudarnos, a sanarnos. Sus mensajes facilitan el paso de una vida en \u201ccrisis\u201d a una vida \u201cexitosa\u201d. <\/strong><\/p>\n<p>El arte de saber utilizar nuestras propias im\u00e1genes interiores ya sean visuales, auditivas, kinest\u00e9sicas, gustativas y olfativas. Comprenderlas y permitir sus transformaciones nos lleva hacia el camino de la autosanaci\u00f3n.<\/p>\n<p>A partir de un estado de relajaci\u00f3n y receptividad, la persona es guiada a tomar consciencia de las sensaciones y de las im\u00e1genes que le llegan. Despu\u00e9s de varias sesiones, se crea \u201cuna visualizaci\u00f3n\u201d relacionada al estado de sanaci\u00f3n. La visualizaci\u00f3n, la relajaci\u00f3n, el dibujo y la imaginaci\u00f3n activa son medios que utilizamos para explorar c\u00f3mo llegar a nuestro mundo interior.La imaginaci\u00f3n activa es el arte del di\u00e1logo con el inconsciente. Es una pr\u00e1ctica ancestral que <strong>C.G Jung<\/strong> redescubri\u00f3 y le dio en su trabajo una gran importancia.<\/p>\n<p><strong>El m\u00e9todo de Im\u00e1genes de Transformaci\u00f3n\u00a9 se basa en la escucha de nuestro mundo interior: El Inconsciente, que contiene todas las dimensiones que no son conscientes. Es como un gu\u00eda interior que est\u00e1 preparado a aconsejarnos, a ayudarnos, a sanarnos. Es nuestro poder interior, la sabidur\u00eda profunda que habita en cada uno de nosotros. <\/strong><\/p>\n<p>Nuestro mundo interior est\u00e1 compuesto de memorias que hemos rechazado, sensaciones, pensamientos, emociones, informaciones sobre nuestro presente. Se comunica con nosotros a trav\u00e9s de los sentidos: la vista, el olfato, el o\u00eddo, el tacto y el gusto. Hay tambi\u00e9n otros dos sentidos que vienen de la profundidad: la intuici\u00f3n y el instinto.<\/p>\n<p>Im\u00e1genes de Transformaci\u00f3n\u00a9 es un viaje para ir a buscar las informaciones de lo que no va bien en nosotros, de las dificultades que tenemos, de nuestro sufrimiento, angustia o bloqueos.<\/p>\n<p><strong>Para sanarnos primero necesitamos saber qu\u00e9 nos pasa. \u00bfDe qu\u00e9 nos tenemos que sanar?<\/strong><\/p>\n<ul>\n<li><strong>La primera fase es la Receptividad (ying)<\/strong>, para darnos tiempo a recibir los mensajes del inconsciente. Escuchar las creencias, los condicionamientos recibidos por los padres, la sociedad. \u00bfQue necesitamos transformar? A menudo una persona quiere sanarse pero no est\u00e1 dispuesta a saber qu\u00e9 le pasa, lo que no va bien en su vida. Cambia de casa, de pareja, de trabajo\u2026 y contin\u00faa con el vac\u00edo interior.<\/li>\n<li><strong>La segunda fase es el Alineamento (Yang). La decisi\u00f3n, la intenci\u00f3n, la colaboraci\u00f3n, la participaci\u00f3n de lo que queremos sanar.<\/strong> Pasamos de la inhibici\u00f3n de la acci\u00f3n, a la acci\u00f3n. Cuando encontramos nuestro alineamiento interior, las situaciones exteriores se posicionan a nuestro favor.<\/li>\n<\/ul>\n<p>Necesitamos balancearnos entre la inspiraci\u00f3n femenina y la acci\u00f3n masculina para llegar a nuestra realizaci\u00f3n.<\/p>\n<p><strong>\u00bfC\u00f3mo se practican las IT\u00a9? <\/strong><\/p>\n<p>Empezamos el viaje hacia nuestro mundo interior, escuchando las dificultades, los aspectos que necesitamos sanar. Podemos escoger un tema f\u00edsico (molestias musculares, dolor de cabeza, cansancio, una enfermedad), o un tema ps\u00edquico (tristeza, miedos, falta de reconocimiento, sentimiento de abandono, de rechazo).<\/p>\n<p>El viajero parte de su estado presente y se dirige hacia su estado deseado, con el tema escogido a transformar. \u00bfComo quiere vivir su vida?<\/p>\n<p>Pasar\u00e1 por varias etapas que se explorar\u00e1n en sesiones semanales. En cada etapa, se le gu\u00eda hacia un estado de relajaci\u00f3n profunda, que le ayudar\u00e1 a visualizar su lugar de ensue\u00f1o. Lugar de bienestar, regeneraci\u00f3n, nutrici\u00f3n. De ah\u00ed se dirigir\u00e1 a un lugar en donde las vibraciones son m\u00e1s elevadas: el lugar sagrado. All\u00ed ir\u00e1 a buscar las energ\u00edas psicol\u00f3gicas y la fuerza interior para abrirse a la escucha de su inconsciente, siempre preguntando que informaciones necesita recibir estado de receptividad, dejar\u00e1 que se liberen las im\u00e1genes de encierro, para que se vayan transformando hasta llegar a las im\u00e1genes de sanaci\u00f3n. El viajero se alinea con esta energ\u00eda de sanaci\u00f3n, innata en cada ser humano, para construir su \u201cprogramaci\u00f3n\u201d seg\u00fan las informaciones recibidas.<\/p>\n<p>Las palabras para crear \u201cla programaci\u00f3n\u201c, son escogidas por el consultante. Escribe su estado deseado a partir de las im\u00e1genes e informaciones que han surgido de los receptivos. Se graba con la voz del terapeuta y la persona lo escucha\/vive con todos sus sentidos. De esta forma permite resurgir y estimular la energ\u00eda de sanaci\u00f3n, tanto f\u00edsica como ps\u00edquica.<\/p>\n<p><strong>La Imaginaci\u00f3n Activa <\/strong><\/p>\n<p>Es el arte del di\u00e1logo con los contenidos del inconsciente. Se practicaba en Egipto, el T\u00edbet y los chamanes lo utilizan como viaje hacia su profundidad. <strong>Carl Jung<\/strong> lo redescubri\u00f3 y fue una parte importante de su psicoterapia.<\/p>\n<p>En un estado de relajaci\u00f3n, de receptividad, recibimos la informaci\u00f3n, los mensajes que necesitamos saber sobre el tema que estamos explorando: Alguna dificultad de la vida cotidiana, sentimiento de rechazo, abandono, falta de reconocimiento, momentos de crisis, un traumatismo de la infancia, periodo de cambios.<\/p>\n<p>Es una herramienta que utilizamos para explorar las resistencias que puedan aparecer durante nuestro viaje.<\/p>\n<p>El reencuentro con uno mismo despierta el potencial creador y sanador que reposa en cada ser humano, conect\u00e1ndonos con nuestra naturaleza profunda, nuestro poder interior y la libertad de ser.<\/p>\n<p>El viaje hacia nuestra sanaci\u00f3n, nos despierta la alegr\u00eda de vivir, con un sentimiento de agradecimiento a la vida, una apertura de coraz\u00f3n, participando en la evoluci\u00f3n de la conciencia en el Universo.<\/p>\n<p>La IT\u00a9 esta creada por Marie Lise Labont\u00e9 y Niclas Bornemisza. Tambi\u00e9n se basa en el trabajo de visualizaci\u00f3n creado por los doctores Carl y Stephanie Simonton en USA, con enfermos de c\u00e1ncer.<\/p>\n<p><strong>Bibliograf\u00eda <\/strong><\/p>\n<p>\u201cSe gu\u00e9rir gr\u00e2ce \u00e0 ses images int\u00e9rieures\u201d Marie Lise Labont\u00e9 y<br \/> Nicol\u00e1s Bornemisza. Ed. Albin Michel.<br \/> \u201cLiberaci\u00f3n de las corazas\u201d. Marie Lise Labont\u00e9. Ed. Luci\u00e9rnaga<br \/> \u201c Recuperar la salud\u201d.C y S. Simonton. Ed. Los libros del comienzo.<\/p>\n<p>\u00a0<\/p>\n<p><strong><br \/> Impartido por Gloria Lerin<br \/> Lugar: L\u2019eix-ample. C\/ Bruc 125 bajos. Barcelona<br \/> Tel\u00e9fono: 93 457 61 40<br \/> info@glorialerin.com \/ www.glorialerin.com <\/strong><\/p>\n<\/div>\n<\/div>\n<\/div>\n<\/div>\n<\/div>\n<\/div>\n<p>[\/et_pb_text][\/et_pb_column][et_pb_column type=\u00bb1_2&#8243; _builder_version=\u00bb3.0.47&#8243; parallax=\u00bboff\u00bb parallax_method=\u00bbon\u00bb][et_pb_code _builder_version=\u00bb3.0.92&#8243;]&lt;iframe width=&quot;560&quot; height=&quot;315&quot; src=&quot;https:\/\/www.youtube.com\/embed\/z4DSe-dCsyw?rel=0&quot; frameborder=&quot;0&quot; allow=&quot;autoplay; encrypted-media&quot; allowfullscreen&gt;&lt;\/iframe&gt;[\/et_pb_code][\/et_pb_column][\/et_pb_row][\/et_pb_section]<\/p>\n","protected":false},"excerpt":{"rendered":"<p>GLORIA LERIN IT\u00a9 es una herramienta privilegiada para entrar en contacto con nuestro mundo interior: el inconsciente y sus s\u00edmbolos. \u00a0El primer objetivo es establecer una comunicaci\u00f3n y una alianza con este mundo interior y despertar la sabidur\u00eda ancestral que hay en \u00e9l. El inconsciente se expresa principalmente por im\u00e1genes simb\u00f3licas. Est\u00e1 siempre preparado a [&hellip;]<\/p>\n","protected":false},"author":1,"featured_media":575,"comment_status":"open","ping_status":"open","sticky":false,"template":"","format":"standard","meta":{"_et_pb_use_builder":"on","_et_pb_old_content":"","_et_gb_content_width":"","footnotes":""},"categories":[1],"tags":[],"table_tags":[],"class_list":["post-573","post","type-post","status-publish","format-standard","has-post-thumbnail","hentry","category-sin-categoria"],"yoast_head":"<!-- This site is optimized with the Yoast SEO plugin v26.2 - https:\/\/yoast.com\/wordpress\/plugins\/seo\/ -->\n<title>\u00bfQu\u00e9 es el m\u00e9todo de Im\u00e1genes de Transformaci\u00f3n? IT\u00a9 - Glora Lerin<\/title>\n<meta name=\"robots\" content=\"index, follow, max-snippet:-1, max-image-preview:large, max-video-preview:-1\" \/>\n<link rel=\"canonical\" href=\"https:\/\/www.glorialerin.com\/terapias\/que-es-el-metodo-de-imagenes-de-transformacion\/\" \/>\n<meta property=\"og:locale\" content=\"es_ES\" \/>\n<meta property=\"og:type\" content=\"article\" \/>\n<meta property=\"og:title\" content=\"\u00bfQu\u00e9 es el m\u00e9todo de Im\u00e1genes de Transformaci\u00f3n? IT\u00a9 - Glora Lerin\" \/>\n<meta property=\"og:description\" content=\"GLORIA LERIN IT\u00a9 es una herramienta privilegiada para entrar en contacto con nuestro mundo interior: el inconsciente y sus s\u00edmbolos. \u00a0El primer objetivo es establecer una comunicaci\u00f3n y una alianza con este mundo interior y despertar la sabidur\u00eda ancestral que hay en \u00e9l. El inconsciente se expresa principalmente por im\u00e1genes simb\u00f3licas. Est\u00e1 siempre preparado a [&hellip;]\" \/>\n<meta property=\"og:url\" content=\"https:\/\/www.glorialerin.com\/terapias\/que-es-el-metodo-de-imagenes-de-transformacion\/\" \/>\n<meta property=\"og:site_name\" content=\"Glora Lerin\" \/>\n<meta property=\"article:published_time\" content=\"2018-03-14T17:35:36+00:00\" \/>\n<meta property=\"article:modified_time\" content=\"2018-03-14T17:44:07+00:00\" \/>\n<meta property=\"og:image\" content=\"https:\/\/www.glorialerin.com\/terapias\/wp-content\/uploads\/2018\/03\/Qu\u00e9-es-el-m\u00e9todo-de-Im\u00e1genes-de-Transformaci\u00f3n-glora-lerin.jpg\" \/>\n\t<meta property=\"og:image:width\" content=\"1280\" \/>\n\t<meta property=\"og:image:height\" content=\"720\" \/>\n\t<meta property=\"og:image:type\" content=\"image\/jpeg\" \/>\n<meta name=\"author\" content=\"moon\" \/>\n<meta name=\"twitter:card\" content=\"summary_large_image\" \/>\n<meta name=\"twitter:label1\" content=\"Escrito por\" \/>\n\t<meta name=\"twitter:data1\" content=\"moon\" \/>\n\t<meta name=\"twitter:label2\" content=\"Tiempo de lectura\" \/>\n\t<meta name=\"twitter:data2\" content=\"6 minutos\" \/>\n<script type=\"application\/ld+json\" class=\"yoast-schema-graph\">{\"@context\":\"https:\/\/schema.org\",\"@graph\":[{\"@type\":\"WebPage\",\"@id\":\"https:\/\/www.glorialerin.com\/terapias\/que-es-el-metodo-de-imagenes-de-transformacion\/\",\"url\":\"https:\/\/www.glorialerin.com\/terapias\/que-es-el-metodo-de-imagenes-de-transformacion\/\",\"name\":\"\u00bfQu\u00e9 es el m\u00e9todo de Im\u00e1genes de Transformaci\u00f3n? IT\u00a9 - Glora Lerin\",\"isPartOf\":{\"@id\":\"https:\/\/www.glorialerin.com\/terapias\/#website\"},\"primaryImageOfPage\":{\"@id\":\"https:\/\/www.glorialerin.com\/terapias\/que-es-el-metodo-de-imagenes-de-transformacion\/#primaryimage\"},\"image\":{\"@id\":\"https:\/\/www.glorialerin.com\/terapias\/que-es-el-metodo-de-imagenes-de-transformacion\/#primaryimage\"},\"thumbnailUrl\":\"https:\/\/www.glorialerin.com\/terapias\/wp-content\/uploads\/2018\/03\/Qu\u00e9-es-el-m\u00e9todo-de-Im\u00e1genes-de-Transformaci\u00f3n-glora-lerin.jpg\",\"datePublished\":\"2018-03-14T17:35:36+00:00\",\"dateModified\":\"2018-03-14T17:44:07+00:00\",\"author\":{\"@id\":\"https:\/\/www.glorialerin.com\/terapias\/#\/schema\/person\/f4409222b72fc0f7d40bd2cfe53b1f29\"},\"breadcrumb\":{\"@id\":\"https:\/\/www.glorialerin.com\/terapias\/que-es-el-metodo-de-imagenes-de-transformacion\/#breadcrumb\"},\"inLanguage\":\"es\",\"potentialAction\":[{\"@type\":\"ReadAction\",\"target\":[\"https:\/\/www.glorialerin.com\/terapias\/que-es-el-metodo-de-imagenes-de-transformacion\/\"]}]},{\"@type\":\"ImageObject\",\"inLanguage\":\"es\",\"@id\":\"https:\/\/www.glorialerin.com\/terapias\/que-es-el-metodo-de-imagenes-de-transformacion\/#primaryimage\",\"url\":\"https:\/\/www.glorialerin.com\/terapias\/wp-content\/uploads\/2018\/03\/Qu\u00e9-es-el-m\u00e9todo-de-Im\u00e1genes-de-Transformaci\u00f3n-glora-lerin.jpg\",\"contentUrl\":\"https:\/\/www.glorialerin.com\/terapias\/wp-content\/uploads\/2018\/03\/Qu\u00e9-es-el-m\u00e9todo-de-Im\u00e1genes-de-Transformaci\u00f3n-glora-lerin.jpg\",\"width\":1280,\"height\":720},{\"@type\":\"BreadcrumbList\",\"@id\":\"https:\/\/www.glorialerin.com\/terapias\/que-es-el-metodo-de-imagenes-de-transformacion\/#breadcrumb\",\"itemListElement\":[{\"@type\":\"ListItem\",\"position\":1,\"name\":\"Portada\",\"item\":\"https:\/\/www.glorialerin.com\/terapias\/\"},{\"@type\":\"ListItem\",\"position\":2,\"name\":\"\u00bfQu\u00e9 es el m\u00e9todo de Im\u00e1genes de Transformaci\u00f3n? IT\u00a9\"}]},{\"@type\":\"WebSite\",\"@id\":\"https:\/\/www.glorialerin.com\/terapias\/#website\",\"url\":\"https:\/\/www.glorialerin.com\/terapias\/\",\"name\":\"Glora Lerin\",\"description\":\"\",\"potentialAction\":[{\"@type\":\"SearchAction\",\"target\":{\"@type\":\"EntryPoint\",\"urlTemplate\":\"https:\/\/www.glorialerin.com\/terapias\/?s={search_term_string}\"},\"query-input\":{\"@type\":\"PropertyValueSpecification\",\"valueRequired\":true,\"valueName\":\"search_term_string\"}}],\"inLanguage\":\"es\"},{\"@type\":\"Person\",\"@id\":\"https:\/\/www.glorialerin.com\/terapias\/#\/schema\/person\/f4409222b72fc0f7d40bd2cfe53b1f29\",\"name\":\"moon\",\"image\":{\"@type\":\"ImageObject\",\"inLanguage\":\"es\",\"@id\":\"https:\/\/www.glorialerin.com\/terapias\/#\/schema\/person\/image\/\",\"url\":\"https:\/\/secure.gravatar.com\/avatar\/e57afb0fb9a1bd08f259ead4ed3a3e13ce2a23534f01fe930b95d1ac825be35f?s=96&d=mm&r=g\",\"contentUrl\":\"https:\/\/secure.gravatar.com\/avatar\/e57afb0fb9a1bd08f259ead4ed3a3e13ce2a23534f01fe930b95d1ac825be35f?s=96&d=mm&r=g\",\"caption\":\"moon\"},\"url\":\"https:\/\/www.glorialerin.com\/terapias\/author\/moon\/\"}]}<\/script>\n<!-- \/ Yoast SEO plugin. -->","yoast_head_json":{"title":"\u00bfQu\u00e9 es el m\u00e9todo de Im\u00e1genes de Transformaci\u00f3n? IT\u00a9 - Glora Lerin","robots":{"index":"index","follow":"follow","max-snippet":"max-snippet:-1","max-image-preview":"max-image-preview:large","max-video-preview":"max-video-preview:-1"},"canonical":"https:\/\/www.glorialerin.com\/terapias\/que-es-el-metodo-de-imagenes-de-transformacion\/","og_locale":"es_ES","og_type":"article","og_title":"\u00bfQu\u00e9 es el m\u00e9todo de Im\u00e1genes de Transformaci\u00f3n? IT\u00a9 - Glora Lerin","og_description":"GLORIA LERIN IT\u00a9 es una herramienta privilegiada para entrar en contacto con nuestro mundo interior: el inconsciente y sus s\u00edmbolos. \u00a0El primer objetivo es establecer una comunicaci\u00f3n y una alianza con este mundo interior y despertar la sabidur\u00eda ancestral que hay en \u00e9l. El inconsciente se expresa principalmente por im\u00e1genes simb\u00f3licas. Est\u00e1 siempre preparado a [&hellip;]","og_url":"https:\/\/www.glorialerin.com\/terapias\/que-es-el-metodo-de-imagenes-de-transformacion\/","og_site_name":"Glora Lerin","article_published_time":"2018-03-14T17:35:36+00:00","article_modified_time":"2018-03-14T17:44:07+00:00","og_image":[{"width":1280,"height":720,"url":"https:\/\/www.glorialerin.com\/terapias\/wp-content\/uploads\/2018\/03\/Qu\u00e9-es-el-m\u00e9todo-de-Im\u00e1genes-de-Transformaci\u00f3n-glora-lerin.jpg","type":"image\/jpeg"}],"author":"moon","twitter_card":"summary_large_image","twitter_misc":{"Escrito por":"moon","Tiempo de lectura":"6 minutos"},"schema":{"@context":"https:\/\/schema.org","@graph":[{"@type":"WebPage","@id":"https:\/\/www.glorialerin.com\/terapias\/que-es-el-metodo-de-imagenes-de-transformacion\/","url":"https:\/\/www.glorialerin.com\/terapias\/que-es-el-metodo-de-imagenes-de-transformacion\/","name":"\u00bfQu\u00e9 es el m\u00e9todo de Im\u00e1genes de Transformaci\u00f3n? IT\u00a9 - Glora Lerin","isPartOf":{"@id":"https:\/\/www.glorialerin.com\/terapias\/#website"},"primaryImageOfPage":{"@id":"https:\/\/www.glorialerin.com\/terapias\/que-es-el-metodo-de-imagenes-de-transformacion\/#primaryimage"},"image":{"@id":"https:\/\/www.glorialerin.com\/terapias\/que-es-el-metodo-de-imagenes-de-transformacion\/#primaryimage"},"thumbnailUrl":"https:\/\/www.glorialerin.com\/terapias\/wp-content\/uploads\/2018\/03\/Qu\u00e9-es-el-m\u00e9todo-de-Im\u00e1genes-de-Transformaci\u00f3n-glora-lerin.jpg","datePublished":"2018-03-14T17:35:36+00:00","dateModified":"2018-03-14T17:44:07+00:00","author":{"@id":"https:\/\/www.glorialerin.com\/terapias\/#\/schema\/person\/f4409222b72fc0f7d40bd2cfe53b1f29"},"breadcrumb":{"@id":"https:\/\/www.glorialerin.com\/terapias\/que-es-el-metodo-de-imagenes-de-transformacion\/#breadcrumb"},"inLanguage":"es","potentialAction":[{"@type":"ReadAction","target":["https:\/\/www.glorialerin.com\/terapias\/que-es-el-metodo-de-imagenes-de-transformacion\/"]}]},{"@type":"ImageObject","inLanguage":"es","@id":"https:\/\/www.glorialerin.com\/terapias\/que-es-el-metodo-de-imagenes-de-transformacion\/#primaryimage","url":"https:\/\/www.glorialerin.com\/terapias\/wp-content\/uploads\/2018\/03\/Qu\u00e9-es-el-m\u00e9todo-de-Im\u00e1genes-de-Transformaci\u00f3n-glora-lerin.jpg","contentUrl":"https:\/\/www.glorialerin.com\/terapias\/wp-content\/uploads\/2018\/03\/Qu\u00e9-es-el-m\u00e9todo-de-Im\u00e1genes-de-Transformaci\u00f3n-glora-lerin.jpg","width":1280,"height":720},{"@type":"BreadcrumbList","@id":"https:\/\/www.glorialerin.com\/terapias\/que-es-el-metodo-de-imagenes-de-transformacion\/#breadcrumb","itemListElement":[{"@type":"ListItem","position":1,"name":"Portada","item":"https:\/\/www.glorialerin.com\/terapias\/"},{"@type":"ListItem","position":2,"name":"\u00bfQu\u00e9 es el m\u00e9todo de Im\u00e1genes de Transformaci\u00f3n? IT\u00a9"}]},{"@type":"WebSite","@id":"https:\/\/www.glorialerin.com\/terapias\/#website","url":"https:\/\/www.glorialerin.com\/terapias\/","name":"Glora Lerin","description":"","potentialAction":[{"@type":"SearchAction","target":{"@type":"EntryPoint","urlTemplate":"https:\/\/www.glorialerin.com\/terapias\/?s={search_term_string}"},"query-input":{"@type":"PropertyValueSpecification","valueRequired":true,"valueName":"search_term_string"}}],"inLanguage":"es"},{"@type":"Person","@id":"https:\/\/www.glorialerin.com\/terapias\/#\/schema\/person\/f4409222b72fc0f7d40bd2cfe53b1f29","name":"moon","image":{"@type":"ImageObject","inLanguage":"es","@id":"https:\/\/www.glorialerin.com\/terapias\/#\/schema\/person\/image\/","url":"https:\/\/secure.gravatar.com\/avatar\/e57afb0fb9a1bd08f259ead4ed3a3e13ce2a23534f01fe930b95d1ac825be35f?s=96&d=mm&r=g","contentUrl":"https:\/\/secure.gravatar.com\/avatar\/e57afb0fb9a1bd08f259ead4ed3a3e13ce2a23534f01fe930b95d1ac825be35f?s=96&d=mm&r=g","caption":"moon"},"url":"https:\/\/www.glorialerin.com\/terapias\/author\/moon\/"}]}},"_links":{"self":[{"href":"https:\/\/www.glorialerin.com\/terapias\/wp-json\/wp\/v2\/posts\/573","targetHints":{"allow":["GET"]}}],"collection":[{"href":"https:\/\/www.glorialerin.com\/terapias\/wp-json\/wp\/v2\/posts"}],"about":[{"href":"https:\/\/www.glorialerin.com\/terapias\/wp-json\/wp\/v2\/types\/post"}],"author":[{"embeddable":true,"href":"https:\/\/www.glorialerin.com\/terapias\/wp-json\/wp\/v2\/users\/1"}],"replies":[{"embeddable":true,"href":"https:\/\/www.glorialerin.com\/terapias\/wp-json\/wp\/v2\/comments?post=573"}],"version-history":[{"count":3,"href":"https:\/\/www.glorialerin.com\/terapias\/wp-json\/wp\/v2\/posts\/573\/revisions"}],"predecessor-version":[{"id":582,"href":"https:\/\/www.glorialerin.com\/terapias\/wp-json\/wp\/v2\/posts\/573\/revisions\/582"}],"wp:featuredmedia":[{"embeddable":true,"href":"https:\/\/www.glorialerin.com\/terapias\/wp-json\/wp\/v2\/media\/575"}],"wp:attachment":[{"href":"https:\/\/www.glorialerin.com\/terapias\/wp-json\/wp\/v2\/media?parent=573"}],"wp:term":[{"taxonomy":"category","embeddable":true,"href":"https:\/\/www.glorialerin.com\/terapias\/wp-json\/wp\/v2\/categories?post=573"},{"taxonomy":"post_tag","embeddable":true,"href":"https:\/\/www.glorialerin.com\/terapias\/wp-json\/wp\/v2\/tags?post=573"},{"taxonomy":"table_tags","embeddable":true,"href":"https:\/\/www.glorialerin.com\/terapias\/wp-json\/wp\/v2\/table_tags?post=573"}],"curies":[{"name":"wp","href":"https:\/\/api.w.org\/{rel}","templated":true}]}}