{"id":523,"date":"2018-03-02T09:34:09","date_gmt":"2018-03-02T09:34:09","guid":{"rendered":"http:\/\/www.glorialerin.com\/terapias\/taller-el-encuentro-con-nuestro-nino-interior-sabado-14-de-abril-2\/"},"modified":"2018-03-02T09:38:02","modified_gmt":"2018-03-02T09:38:02","slug":"lee-klinger-lesser-y-gloria-lerin-que-es-la-consciencia-sensorial","status":"publish","type":"post","link":"https:\/\/www.glorialerin.com\/terapias\/lee-klinger-lesser-y-gloria-lerin-que-es-la-consciencia-sensorial\/","title":{"rendered":"Lee Klinger Lesser y Gloria Lerin. \u00bfQu\u00e9 es la Consciencia Sensorial?"},"content":{"rendered":"<p>[et_pb_section fb_built=\u00bb1&#8243; fullwidth=\u00bbon\u00bb _builder_version=\u00bb3.0.92&#8243;][et_pb_fullwidth_slider _builder_version=\u00bb3.0.92&#8243; body_font=\u00bb||||||||\u00bb][et_pb_slide heading=\u00bb\u00bfQU\u00c9 ES LA CONSCIENCIA SENSORIAL?\u00bb _builder_version=\u00bb3.0.92&#8243; header_level=\u00bbh2&#8243; header_font=\u00bbMontserrat|700|||||||\u00bb header_font_size=\u00bb50px\u00bb body_font=\u00bbMontserrat||||||||\u00bb body_font_size=\u00bb20px\u00bb background_image=\u00bbhttp:\/\/www.glorialerin.com\/terapias\/wp-content\/uploads\/2018\/03\/consciencia-sensorial-gloria-lerin.jpg\u00bb background_color=\u00bb#ffffff\u00bb]<\/p>\n<p>GLORIA LERIN<\/p>\n<p>[\/et_pb_slide][\/et_pb_fullwidth_slider][\/et_pb_section][et_pb_section fb_built=\u00bb1&#8243; _builder_version=\u00bb3.0.92&#8243; custom_padding=\u00bb54px|0px|0px|0px\u00bb][et_pb_row _builder_version=\u00bb3.0.92&#8243;][et_pb_column type=\u00bb1_2&#8243; _builder_version=\u00bb3.0.47&#8243; parallax=\u00bboff\u00bb parallax_method=\u00bbon\u00bb][et_pb_text _builder_version=\u00bb3.0.92&#8243;]<\/p>\n<div class=\"et_pb_text et_pb_module et_pb_bg_layout_light et_pb_text_align_left et_pb_text_0\">\n<div class=\"et_pb_text_inner\">\n<div class=\"et_pb_text et_pb_module et_pb_bg_layout_light et_pb_text_align_left et_pb_text_0\">\n<div class=\"et_pb_text_inner\">\n<div class=\"et_pb_text et_pb_module et_pb_bg_layout_light et_pb_text_align_left  et_pb_text_0\">\n<div class=\"et_pb_text_inner\">\n<p>En nuestro interior , tenemos una parte intacta, una parte que nunca ha estado herida. Est\u00e1 llena de amor, de ternura, dulzura, fragilidad, pureza.<\/p>\n<p><strong>La Consciencia Sensorial es el arte de vivir plenamente en cada instante. <\/strong><\/p>\n<p><strong><\/strong><strong>Preocupados por el futuro, con miedos por lo que pudiera pasar y juzgando el pasado, nos hemos olvidado de c\u00f3mo llegar a ser nosotros mismos, de estar en silencio, de estar en donde est\u00e1 la vida, la presencia aut\u00e9ntica en el Aqu\u00ed y el Ahora. <\/strong><\/p>\n<p><strong><\/strong><strong>A trav\u00e9s de la percepci\u00f3n consciente y sensitiva del cuerpo, con una atenci\u00f3n plena y una presencia verdadera, exploramos movimientos sencillos y naturales como la respiraci\u00f3n, la relajaci\u00f3n de las tensiones, la interacci\u00f3n con la gravedad, el contacto, el dar y recibir. La Consciencia Sensorial nos ayuda a: <\/strong><\/p>\n<ul>\n<li>Reencontrar nuestra fuerza, la serenidad y la libertad de ser.<\/li>\n<li>Disfrutar de una conexi\u00f3n m\u00e1s aut\u00e9ntica con uno mismo, con los dem\u00e1s y con el entorno.<\/li>\n<li>Crear una relaci\u00f3n bondadosa, respetuosa, dejando la lucha interior para convertirnos en nuestros propios aliados.<\/li>\n<li>Despertar los sentidos y las sensaciones conect\u00e1ndonos con nuestra sabidur\u00eda y nuestra naturaleza profunda.<\/li>\n<li>Despertar los sentidos y las sensaciones conect\u00e1ndonos con nuestra sabidur\u00eda y nuestra naturaleza profunda.<\/li>\n<\/ul>\n<p>La conexi\u00f3n con nuestros sentidos nos facilita la re-conexi\u00f3n con nuestra Naturaleza profunda.<\/p>\n<p><strong>Charlotte Selver<\/strong> (1901-2003), creadora de la Consciencia Sensorial: \u201cHay una cosa muy sagrada en nuestra naturaleza y en la naturaleza de las cosas. Y es nuestra manera de llegar a la vez, estar juntos, ponernos en contacto el uno con el otro y tener una conexi\u00f3n sensitiva con aquello que estamos haciendo\u201d.<\/p>\n<\/div>\n<\/div>\n<p>&nbsp;<\/p>\n<p><strong>Impartido por Gloria Lerin<br \/> Lugar: L\u2019eix-ample. C\/ Bruc 125 bajos. Barcelona<br \/> Tel\u00e9fono: 93 457 61 40<br \/> info@glorialerin.com \/ www.glorialerin.com <\/strong><\/p>\n<\/div>\n<\/div>\n<\/div>\n<\/div>\n<p>[\/et_pb_text][\/et_pb_column][et_pb_column type=\u00bb1_2&#8243; _builder_version=\u00bb3.0.47&#8243; parallax=\u00bboff\u00bb parallax_method=\u00bbon\u00bb][et_pb_code _builder_version=\u00bb3.0.92&#8243;]&lt;iframe width=&quot;560&quot; height=&quot;315&quot; src=&quot;https:\/\/www.youtube.com\/embed\/bpO_kopgRic?rel=0&quot; frameborder=&quot;0&quot; allow=&quot;autoplay; encrypted-media&quot; allowfullscreen&gt;&lt;\/iframe&gt;[\/et_pb_code][\/et_pb_column][\/et_pb_row][\/et_pb_section]<\/p>\n","protected":false},"excerpt":{"rendered":"<p>GLORIA LERIN En nuestro interior , tenemos una parte intacta, una parte que nunca ha estado herida. Est\u00e1 llena de amor, de ternura, dulzura, fragilidad, pureza. La Consciencia Sensorial es el arte de vivir plenamente en cada instante. Preocupados por el futuro, con miedos por lo que pudiera pasar y juzgando el pasado, nos hemos [&hellip;]<\/p>\n","protected":false},"author":1,"featured_media":525,"comment_status":"open","ping_status":"open","sticky":false,"template":"","format":"standard","meta":{"_et_pb_use_builder":"on","_et_pb_old_content":"","_et_gb_content_width":"","footnotes":""},"categories":[1],"tags":[],"table_tags":[],"class_list":["post-523","post","type-post","status-publish","format-standard","has-post-thumbnail","hentry","category-sin-categoria"],"yoast_head":"<!-- This site is optimized with the Yoast SEO plugin v26.2 - https:\/\/yoast.com\/wordpress\/plugins\/seo\/ -->\n<title>Lee Klinger Lesser y Gloria Lerin. \u00bfQu\u00e9 es la Consciencia Sensorial? - Glora Lerin<\/title>\n<meta name=\"robots\" content=\"index, follow, max-snippet:-1, max-image-preview:large, max-video-preview:-1\" \/>\n<link rel=\"canonical\" href=\"https:\/\/www.glorialerin.com\/terapias\/lee-klinger-lesser-y-gloria-lerin-que-es-la-consciencia-sensorial\/\" \/>\n<meta property=\"og:locale\" content=\"es_ES\" \/>\n<meta property=\"og:type\" content=\"article\" \/>\n<meta property=\"og:title\" content=\"Lee Klinger Lesser y Gloria Lerin. \u00bfQu\u00e9 es la Consciencia Sensorial? - Glora Lerin\" \/>\n<meta property=\"og:description\" content=\"GLORIA LERIN En nuestro interior , tenemos una parte intacta, una parte que nunca ha estado herida. Est\u00e1 llena de amor, de ternura, dulzura, fragilidad, pureza. La Consciencia Sensorial es el arte de vivir plenamente en cada instante. Preocupados por el futuro, con miedos por lo que pudiera pasar y juzgando el pasado, nos hemos [&hellip;]\" \/>\n<meta property=\"og:url\" content=\"https:\/\/www.glorialerin.com\/terapias\/lee-klinger-lesser-y-gloria-lerin-que-es-la-consciencia-sensorial\/\" \/>\n<meta property=\"og:site_name\" content=\"Glora Lerin\" \/>\n<meta property=\"article:published_time\" content=\"2018-03-02T09:34:09+00:00\" \/>\n<meta property=\"article:modified_time\" content=\"2018-03-02T09:38:02+00:00\" \/>\n<meta property=\"og:image\" content=\"https:\/\/www.glorialerin.com\/terapias\/wp-content\/uploads\/2018\/03\/consciencia-sensorial-gloria-lerin-7.jpg\" \/>\n\t<meta property=\"og:image:width\" content=\"1280\" \/>\n\t<meta property=\"og:image:height\" content=\"720\" \/>\n\t<meta property=\"og:image:type\" content=\"image\/jpeg\" \/>\n<meta name=\"author\" content=\"moon\" \/>\n<meta name=\"twitter:card\" content=\"summary_large_image\" \/>\n<meta name=\"twitter:label1\" content=\"Escrito por\" \/>\n\t<meta name=\"twitter:data1\" content=\"moon\" \/>\n\t<meta name=\"twitter:label2\" content=\"Tiempo de lectura\" \/>\n\t<meta name=\"twitter:data2\" content=\"2 minutos\" \/>\n<script type=\"application\/ld+json\" class=\"yoast-schema-graph\">{\"@context\":\"https:\/\/schema.org\",\"@graph\":[{\"@type\":\"WebPage\",\"@id\":\"https:\/\/www.glorialerin.com\/terapias\/lee-klinger-lesser-y-gloria-lerin-que-es-la-consciencia-sensorial\/\",\"url\":\"https:\/\/www.glorialerin.com\/terapias\/lee-klinger-lesser-y-gloria-lerin-que-es-la-consciencia-sensorial\/\",\"name\":\"Lee Klinger Lesser y Gloria Lerin. \u00bfQu\u00e9 es la Consciencia Sensorial? - Glora Lerin\",\"isPartOf\":{\"@id\":\"https:\/\/www.glorialerin.com\/terapias\/#website\"},\"primaryImageOfPage\":{\"@id\":\"https:\/\/www.glorialerin.com\/terapias\/lee-klinger-lesser-y-gloria-lerin-que-es-la-consciencia-sensorial\/#primaryimage\"},\"image\":{\"@id\":\"https:\/\/www.glorialerin.com\/terapias\/lee-klinger-lesser-y-gloria-lerin-que-es-la-consciencia-sensorial\/#primaryimage\"},\"thumbnailUrl\":\"https:\/\/www.glorialerin.com\/terapias\/wp-content\/uploads\/2018\/03\/consciencia-sensorial-gloria-lerin-7.jpg\",\"datePublished\":\"2018-03-02T09:34:09+00:00\",\"dateModified\":\"2018-03-02T09:38:02+00:00\",\"author\":{\"@id\":\"https:\/\/www.glorialerin.com\/terapias\/#\/schema\/person\/f4409222b72fc0f7d40bd2cfe53b1f29\"},\"breadcrumb\":{\"@id\":\"https:\/\/www.glorialerin.com\/terapias\/lee-klinger-lesser-y-gloria-lerin-que-es-la-consciencia-sensorial\/#breadcrumb\"},\"inLanguage\":\"es\",\"potentialAction\":[{\"@type\":\"ReadAction\",\"target\":[\"https:\/\/www.glorialerin.com\/terapias\/lee-klinger-lesser-y-gloria-lerin-que-es-la-consciencia-sensorial\/\"]}]},{\"@type\":\"ImageObject\",\"inLanguage\":\"es\",\"@id\":\"https:\/\/www.glorialerin.com\/terapias\/lee-klinger-lesser-y-gloria-lerin-que-es-la-consciencia-sensorial\/#primaryimage\",\"url\":\"https:\/\/www.glorialerin.com\/terapias\/wp-content\/uploads\/2018\/03\/consciencia-sensorial-gloria-lerin-7.jpg\",\"contentUrl\":\"https:\/\/www.glorialerin.com\/terapias\/wp-content\/uploads\/2018\/03\/consciencia-sensorial-gloria-lerin-7.jpg\",\"width\":1280,\"height\":720},{\"@type\":\"BreadcrumbList\",\"@id\":\"https:\/\/www.glorialerin.com\/terapias\/lee-klinger-lesser-y-gloria-lerin-que-es-la-consciencia-sensorial\/#breadcrumb\",\"itemListElement\":[{\"@type\":\"ListItem\",\"position\":1,\"name\":\"Portada\",\"item\":\"https:\/\/www.glorialerin.com\/terapias\/\"},{\"@type\":\"ListItem\",\"position\":2,\"name\":\"Lee Klinger Lesser y Gloria Lerin. \u00bfQu\u00e9 es la Consciencia Sensorial?\"}]},{\"@type\":\"WebSite\",\"@id\":\"https:\/\/www.glorialerin.com\/terapias\/#website\",\"url\":\"https:\/\/www.glorialerin.com\/terapias\/\",\"name\":\"Glora Lerin\",\"description\":\"\",\"potentialAction\":[{\"@type\":\"SearchAction\",\"target\":{\"@type\":\"EntryPoint\",\"urlTemplate\":\"https:\/\/www.glorialerin.com\/terapias\/?s={search_term_string}\"},\"query-input\":{\"@type\":\"PropertyValueSpecification\",\"valueRequired\":true,\"valueName\":\"search_term_string\"}}],\"inLanguage\":\"es\"},{\"@type\":\"Person\",\"@id\":\"https:\/\/www.glorialerin.com\/terapias\/#\/schema\/person\/f4409222b72fc0f7d40bd2cfe53b1f29\",\"name\":\"moon\",\"image\":{\"@type\":\"ImageObject\",\"inLanguage\":\"es\",\"@id\":\"https:\/\/www.glorialerin.com\/terapias\/#\/schema\/person\/image\/\",\"url\":\"https:\/\/secure.gravatar.com\/avatar\/e57afb0fb9a1bd08f259ead4ed3a3e13ce2a23534f01fe930b95d1ac825be35f?s=96&d=mm&r=g\",\"contentUrl\":\"https:\/\/secure.gravatar.com\/avatar\/e57afb0fb9a1bd08f259ead4ed3a3e13ce2a23534f01fe930b95d1ac825be35f?s=96&d=mm&r=g\",\"caption\":\"moon\"},\"url\":\"https:\/\/www.glorialerin.com\/terapias\/author\/moon\/\"}]}<\/script>\n<!-- \/ Yoast SEO plugin. -->","yoast_head_json":{"title":"Lee Klinger Lesser y Gloria Lerin. \u00bfQu\u00e9 es la Consciencia Sensorial? - Glora Lerin","robots":{"index":"index","follow":"follow","max-snippet":"max-snippet:-1","max-image-preview":"max-image-preview:large","max-video-preview":"max-video-preview:-1"},"canonical":"https:\/\/www.glorialerin.com\/terapias\/lee-klinger-lesser-y-gloria-lerin-que-es-la-consciencia-sensorial\/","og_locale":"es_ES","og_type":"article","og_title":"Lee Klinger Lesser y Gloria Lerin. \u00bfQu\u00e9 es la Consciencia Sensorial? - Glora Lerin","og_description":"GLORIA LERIN En nuestro interior , tenemos una parte intacta, una parte que nunca ha estado herida. Est\u00e1 llena de amor, de ternura, dulzura, fragilidad, pureza. La Consciencia Sensorial es el arte de vivir plenamente en cada instante. Preocupados por el futuro, con miedos por lo que pudiera pasar y juzgando el pasado, nos hemos [&hellip;]","og_url":"https:\/\/www.glorialerin.com\/terapias\/lee-klinger-lesser-y-gloria-lerin-que-es-la-consciencia-sensorial\/","og_site_name":"Glora Lerin","article_published_time":"2018-03-02T09:34:09+00:00","article_modified_time":"2018-03-02T09:38:02+00:00","og_image":[{"width":1280,"height":720,"url":"https:\/\/www.glorialerin.com\/terapias\/wp-content\/uploads\/2018\/03\/consciencia-sensorial-gloria-lerin-7.jpg","type":"image\/jpeg"}],"author":"moon","twitter_card":"summary_large_image","twitter_misc":{"Escrito por":"moon","Tiempo de lectura":"2 minutos"},"schema":{"@context":"https:\/\/schema.org","@graph":[{"@type":"WebPage","@id":"https:\/\/www.glorialerin.com\/terapias\/lee-klinger-lesser-y-gloria-lerin-que-es-la-consciencia-sensorial\/","url":"https:\/\/www.glorialerin.com\/terapias\/lee-klinger-lesser-y-gloria-lerin-que-es-la-consciencia-sensorial\/","name":"Lee Klinger Lesser y Gloria Lerin. \u00bfQu\u00e9 es la Consciencia Sensorial? - Glora Lerin","isPartOf":{"@id":"https:\/\/www.glorialerin.com\/terapias\/#website"},"primaryImageOfPage":{"@id":"https:\/\/www.glorialerin.com\/terapias\/lee-klinger-lesser-y-gloria-lerin-que-es-la-consciencia-sensorial\/#primaryimage"},"image":{"@id":"https:\/\/www.glorialerin.com\/terapias\/lee-klinger-lesser-y-gloria-lerin-que-es-la-consciencia-sensorial\/#primaryimage"},"thumbnailUrl":"https:\/\/www.glorialerin.com\/terapias\/wp-content\/uploads\/2018\/03\/consciencia-sensorial-gloria-lerin-7.jpg","datePublished":"2018-03-02T09:34:09+00:00","dateModified":"2018-03-02T09:38:02+00:00","author":{"@id":"https:\/\/www.glorialerin.com\/terapias\/#\/schema\/person\/f4409222b72fc0f7d40bd2cfe53b1f29"},"breadcrumb":{"@id":"https:\/\/www.glorialerin.com\/terapias\/lee-klinger-lesser-y-gloria-lerin-que-es-la-consciencia-sensorial\/#breadcrumb"},"inLanguage":"es","potentialAction":[{"@type":"ReadAction","target":["https:\/\/www.glorialerin.com\/terapias\/lee-klinger-lesser-y-gloria-lerin-que-es-la-consciencia-sensorial\/"]}]},{"@type":"ImageObject","inLanguage":"es","@id":"https:\/\/www.glorialerin.com\/terapias\/lee-klinger-lesser-y-gloria-lerin-que-es-la-consciencia-sensorial\/#primaryimage","url":"https:\/\/www.glorialerin.com\/terapias\/wp-content\/uploads\/2018\/03\/consciencia-sensorial-gloria-lerin-7.jpg","contentUrl":"https:\/\/www.glorialerin.com\/terapias\/wp-content\/uploads\/2018\/03\/consciencia-sensorial-gloria-lerin-7.jpg","width":1280,"height":720},{"@type":"BreadcrumbList","@id":"https:\/\/www.glorialerin.com\/terapias\/lee-klinger-lesser-y-gloria-lerin-que-es-la-consciencia-sensorial\/#breadcrumb","itemListElement":[{"@type":"ListItem","position":1,"name":"Portada","item":"https:\/\/www.glorialerin.com\/terapias\/"},{"@type":"ListItem","position":2,"name":"Lee Klinger Lesser y Gloria Lerin. \u00bfQu\u00e9 es la Consciencia Sensorial?"}]},{"@type":"WebSite","@id":"https:\/\/www.glorialerin.com\/terapias\/#website","url":"https:\/\/www.glorialerin.com\/terapias\/","name":"Glora Lerin","description":"","potentialAction":[{"@type":"SearchAction","target":{"@type":"EntryPoint","urlTemplate":"https:\/\/www.glorialerin.com\/terapias\/?s={search_term_string}"},"query-input":{"@type":"PropertyValueSpecification","valueRequired":true,"valueName":"search_term_string"}}],"inLanguage":"es"},{"@type":"Person","@id":"https:\/\/www.glorialerin.com\/terapias\/#\/schema\/person\/f4409222b72fc0f7d40bd2cfe53b1f29","name":"moon","image":{"@type":"ImageObject","inLanguage":"es","@id":"https:\/\/www.glorialerin.com\/terapias\/#\/schema\/person\/image\/","url":"https:\/\/secure.gravatar.com\/avatar\/e57afb0fb9a1bd08f259ead4ed3a3e13ce2a23534f01fe930b95d1ac825be35f?s=96&d=mm&r=g","contentUrl":"https:\/\/secure.gravatar.com\/avatar\/e57afb0fb9a1bd08f259ead4ed3a3e13ce2a23534f01fe930b95d1ac825be35f?s=96&d=mm&r=g","caption":"moon"},"url":"https:\/\/www.glorialerin.com\/terapias\/author\/moon\/"}]}},"_links":{"self":[{"href":"https:\/\/www.glorialerin.com\/terapias\/wp-json\/wp\/v2\/posts\/523","targetHints":{"allow":["GET"]}}],"collection":[{"href":"https:\/\/www.glorialerin.com\/terapias\/wp-json\/wp\/v2\/posts"}],"about":[{"href":"https:\/\/www.glorialerin.com\/terapias\/wp-json\/wp\/v2\/types\/post"}],"author":[{"embeddable":true,"href":"https:\/\/www.glorialerin.com\/terapias\/wp-json\/wp\/v2\/users\/1"}],"replies":[{"embeddable":true,"href":"https:\/\/www.glorialerin.com\/terapias\/wp-json\/wp\/v2\/comments?post=523"}],"version-history":[{"count":3,"href":"https:\/\/www.glorialerin.com\/terapias\/wp-json\/wp\/v2\/posts\/523\/revisions"}],"predecessor-version":[{"id":529,"href":"https:\/\/www.glorialerin.com\/terapias\/wp-json\/wp\/v2\/posts\/523\/revisions\/529"}],"wp:featuredmedia":[{"embeddable":true,"href":"https:\/\/www.glorialerin.com\/terapias\/wp-json\/wp\/v2\/media\/525"}],"wp:attachment":[{"href":"https:\/\/www.glorialerin.com\/terapias\/wp-json\/wp\/v2\/media?parent=523"}],"wp:term":[{"taxonomy":"category","embeddable":true,"href":"https:\/\/www.glorialerin.com\/terapias\/wp-json\/wp\/v2\/categories?post=523"},{"taxonomy":"post_tag","embeddable":true,"href":"https:\/\/www.glorialerin.com\/terapias\/wp-json\/wp\/v2\/tags?post=523"},{"taxonomy":"table_tags","embeddable":true,"href":"https:\/\/www.glorialerin.com\/terapias\/wp-json\/wp\/v2\/table_tags?post=523"}],"curies":[{"name":"wp","href":"https:\/\/api.w.org\/{rel}","templated":true}]}}