{"id":376,"date":"2018-01-18T08:33:56","date_gmt":"2018-01-18T08:33:56","guid":{"rendered":"http:\/\/www.glorialerin.com\/terapias\/seminario-el-cuerpo-y-la-coraza-parental-1-2-3-y-4-de-febrero-2018\/"},"modified":"2018-02-14T11:16:09","modified_gmt":"2018-02-14T11:16:09","slug":"la-libertad-de-amar-con-autenticidad","status":"publish","type":"post","link":"https:\/\/www.glorialerin.com\/terapias\/la-libertad-de-amar-con-autenticidad\/","title":{"rendered":"Taller: La libertad de amar con autenticidad de Gloria Lerin. M\u00e9todo de Liberaci\u00f3n de las Corazas"},"content":{"rendered":"<p>[et_pb_section fb_built=\u00bb1&#8243; fullwidth=\u00bbon\u00bb _builder_version=\u00bb3.0.92&#8243;][et_pb_fullwidth_slider _builder_version=\u00bb3.0.92&#8243; body_font=\u00bb||||||||\u00bb][et_pb_slide heading=\u00bbTALLER: %22LA LIBERTAD DE AMAR CON AUTENTICIDAD%22&#8243; _builder_version=\u00bb3.0.92&#8243; header_level=\u00bbh2&#8243; header_font=\u00bbMontserrat|700|||||||\u00bb header_font_size=\u00bb50px\u00bb body_font=\u00bbMontserrat||||||||\u00bb body_font_size=\u00bb20px\u00bb background_image=\u00bbhttp:\/\/www.glorialerin.com\/terapias\/wp-content\/uploads\/2018\/01\/la-libertad-de-amar-1920.jpg\u00bb]M\u00c9TODO DE LIBERACI\u00d3N DE LAS CORAZAS<br \/>\n[\/et_pb_slide][\/et_pb_fullwidth_slider][\/et_pb_section][et_pb_section fb_built=\u00bb1&#8243; _builder_version=\u00bb3.0.92&#8243;][et_pb_row _builder_version=\u00bb3.0.92&#8243;][et_pb_column type=\u00bb1_2&#8243; _builder_version=\u00bb3.0.92&#8243; parallax=\u00bboff\u00bb parallax_method=\u00bbon\u00bb][et_pb_text _builder_version=\u00bb3.0.92&#8243;]\u00bfC\u00f3mo podemos responder a nuestras necesidades afectivas sin depender que los dem\u00e1s nos las satisfagan? \u00bfPara sentirte amado, te comportas de alguna forma determinada? \u00bfSabes c\u00f3mo te gustar\u00eda ser amado?<\/p>\n<p>En este taller vamos a explorar movimientos de despertar corporal basados en el M\u00e9todo de liberaci\u00f3n de las corazas, MLC\u00a9. Vamos a dialogar con el inconsciente y tambi\u00e9n habr\u00e1 ense\u00f1anzas para comprender la dimensi\u00f3n psicol\u00f3gica del proceso. Esto nos ayudar\u00e1 a liberarnos de nuestros encierros, tensiones acumuladas dejando espacio para que fluya la vida, la libertad y la autenticidad del ser. Nos abrimos al amor hacia uno mismo y hacia los que nos rodean.<\/p>\n<p>M\u00e1s informaci\u00f3n sobre este taller <strong><a href=\"http:\/\/www.glorialerin.com\/terapias\/libertad-de-amar-con-autenticidad\/\">aqu\u00ed<\/a><\/strong>.<\/p>\n<p>&nbsp;<\/p>\n<p><strong>Impartido por Gloria Lerin<\/strong><br \/>\n<strong>Lugar: L\u2019eix-ample. C\/ Bruc 125 bajos. Barcelona<\/strong><br \/>\n<strong>Tel\u00e9fono: 93 457 61 40<\/strong><br \/>\n<strong>info@glorialerin.com \/ www.glorialerin.com<\/strong><br \/>\n[\/et_pb_text][\/et_pb_column][et_pb_column type=\u00bb1_2&#8243; _builder_version=\u00bb3.0.92&#8243; parallax=\u00bboff\u00bb parallax_method=\u00bbon\u00bb][et_pb_code _builder_version=\u00bb3.0.92&#8243;]&lt;iframe width=&quot;560&quot; height=&quot;315&quot; src=&quot;https:\/\/www.youtube.com\/embed\/kVxUunB69zE&quot; frameborder=&quot;0&quot; allow=&quot;autoplay; encrypted-media&quot; allowfullscreen&gt;&lt;\/iframe&gt;[\/et_pb_code][\/et_pb_column][\/et_pb_row][\/et_pb_section]<\/p>\n","protected":false},"excerpt":{"rendered":"<p>M\u00c9TODO DE LIBERACI\u00d3N DE LAS CORAZAS \u00bfC\u00f3mo podemos responder a nuestras necesidades afectivas sin depender que los dem\u00e1s nos las satisfagan? \u00bfPara sentirte amado, te comportas de alguna forma determinada? \u00bfSabes c\u00f3mo te gustar\u00eda ser amado? En este taller vamos a explorar movimientos de despertar corporal basados en el M\u00e9todo de liberaci\u00f3n de las corazas, [&hellip;]<\/p>\n","protected":false},"author":1,"featured_media":385,"comment_status":"open","ping_status":"open","sticky":false,"template":"","format":"standard","meta":{"_et_pb_use_builder":"on","_et_pb_old_content":"","_et_gb_content_width":"","footnotes":""},"categories":[1],"tags":[],"table_tags":[],"class_list":["post-376","post","type-post","status-publish","format-standard","has-post-thumbnail","hentry","category-sin-categoria"],"yoast_head":"<!-- This site is optimized with the Yoast SEO plugin v26.2 - https:\/\/yoast.com\/wordpress\/plugins\/seo\/ -->\n<title>Taller: La libertad de amar con autenticidad de Gloria Lerin. M\u00e9todo de Liberaci\u00f3n de las Corazas - Glora Lerin<\/title>\n<meta name=\"robots\" content=\"index, follow, max-snippet:-1, max-image-preview:large, max-video-preview:-1\" \/>\n<link rel=\"canonical\" href=\"https:\/\/www.glorialerin.com\/terapias\/la-libertad-de-amar-con-autenticidad\/\" \/>\n<meta property=\"og:locale\" content=\"es_ES\" \/>\n<meta property=\"og:type\" content=\"article\" \/>\n<meta property=\"og:title\" content=\"Taller: La libertad de amar con autenticidad de Gloria Lerin. M\u00e9todo de Liberaci\u00f3n de las Corazas - Glora Lerin\" \/>\n<meta property=\"og:description\" content=\"M\u00c9TODO DE LIBERACI\u00d3N DE LAS CORAZAS \u00bfC\u00f3mo podemos responder a nuestras necesidades afectivas sin depender que los dem\u00e1s nos las satisfagan? \u00bfPara sentirte amado, te comportas de alguna forma determinada? \u00bfSabes c\u00f3mo te gustar\u00eda ser amado? En este taller vamos a explorar movimientos de despertar corporal basados en el M\u00e9todo de liberaci\u00f3n de las corazas, [&hellip;]\" \/>\n<meta property=\"og:url\" content=\"https:\/\/www.glorialerin.com\/terapias\/la-libertad-de-amar-con-autenticidad\/\" \/>\n<meta property=\"og:site_name\" content=\"Glora Lerin\" \/>\n<meta property=\"article:published_time\" content=\"2018-01-18T08:33:56+00:00\" \/>\n<meta property=\"article:modified_time\" content=\"2018-02-14T11:16:09+00:00\" \/>\n<meta property=\"og:image\" content=\"https:\/\/www.glorialerin.com\/terapias\/wp-content\/uploads\/2018\/01\/coraza-parental-gloria-lerin.jpg\" \/>\n\t<meta property=\"og:image:width\" content=\"400\" \/>\n\t<meta property=\"og:image:height\" content=\"250\" \/>\n\t<meta property=\"og:image:type\" content=\"image\/jpeg\" \/>\n<meta name=\"author\" content=\"moon\" \/>\n<meta name=\"twitter:card\" content=\"summary_large_image\" \/>\n<meta name=\"twitter:label1\" content=\"Escrito por\" \/>\n\t<meta name=\"twitter:data1\" content=\"moon\" \/>\n\t<meta name=\"twitter:label2\" content=\"Tiempo de lectura\" \/>\n\t<meta name=\"twitter:data2\" content=\"2 minutos\" \/>\n<script type=\"application\/ld+json\" class=\"yoast-schema-graph\">{\"@context\":\"https:\/\/schema.org\",\"@graph\":[{\"@type\":\"WebPage\",\"@id\":\"https:\/\/www.glorialerin.com\/terapias\/la-libertad-de-amar-con-autenticidad\/\",\"url\":\"https:\/\/www.glorialerin.com\/terapias\/la-libertad-de-amar-con-autenticidad\/\",\"name\":\"Taller: La libertad de amar con autenticidad de Gloria Lerin. M\u00e9todo de Liberaci\u00f3n de las Corazas - Glora Lerin\",\"isPartOf\":{\"@id\":\"https:\/\/www.glorialerin.com\/terapias\/#website\"},\"primaryImageOfPage\":{\"@id\":\"https:\/\/www.glorialerin.com\/terapias\/la-libertad-de-amar-con-autenticidad\/#primaryimage\"},\"image\":{\"@id\":\"https:\/\/www.glorialerin.com\/terapias\/la-libertad-de-amar-con-autenticidad\/#primaryimage\"},\"thumbnailUrl\":\"https:\/\/www.glorialerin.com\/terapias\/wp-content\/uploads\/2018\/01\/coraza-parental-gloria-lerin.jpg\",\"datePublished\":\"2018-01-18T08:33:56+00:00\",\"dateModified\":\"2018-02-14T11:16:09+00:00\",\"author\":{\"@id\":\"https:\/\/www.glorialerin.com\/terapias\/#\/schema\/person\/f4409222b72fc0f7d40bd2cfe53b1f29\"},\"breadcrumb\":{\"@id\":\"https:\/\/www.glorialerin.com\/terapias\/la-libertad-de-amar-con-autenticidad\/#breadcrumb\"},\"inLanguage\":\"es\",\"potentialAction\":[{\"@type\":\"ReadAction\",\"target\":[\"https:\/\/www.glorialerin.com\/terapias\/la-libertad-de-amar-con-autenticidad\/\"]}]},{\"@type\":\"ImageObject\",\"inLanguage\":\"es\",\"@id\":\"https:\/\/www.glorialerin.com\/terapias\/la-libertad-de-amar-con-autenticidad\/#primaryimage\",\"url\":\"https:\/\/www.glorialerin.com\/terapias\/wp-content\/uploads\/2018\/01\/coraza-parental-gloria-lerin.jpg\",\"contentUrl\":\"https:\/\/www.glorialerin.com\/terapias\/wp-content\/uploads\/2018\/01\/coraza-parental-gloria-lerin.jpg\",\"width\":400,\"height\":250},{\"@type\":\"BreadcrumbList\",\"@id\":\"https:\/\/www.glorialerin.com\/terapias\/la-libertad-de-amar-con-autenticidad\/#breadcrumb\",\"itemListElement\":[{\"@type\":\"ListItem\",\"position\":1,\"name\":\"Portada\",\"item\":\"https:\/\/www.glorialerin.com\/terapias\/\"},{\"@type\":\"ListItem\",\"position\":2,\"name\":\"Taller: La libertad de amar con autenticidad de Gloria Lerin. M\u00e9todo de Liberaci\u00f3n de las Corazas\"}]},{\"@type\":\"WebSite\",\"@id\":\"https:\/\/www.glorialerin.com\/terapias\/#website\",\"url\":\"https:\/\/www.glorialerin.com\/terapias\/\",\"name\":\"Glora Lerin\",\"description\":\"\",\"potentialAction\":[{\"@type\":\"SearchAction\",\"target\":{\"@type\":\"EntryPoint\",\"urlTemplate\":\"https:\/\/www.glorialerin.com\/terapias\/?s={search_term_string}\"},\"query-input\":{\"@type\":\"PropertyValueSpecification\",\"valueRequired\":true,\"valueName\":\"search_term_string\"}}],\"inLanguage\":\"es\"},{\"@type\":\"Person\",\"@id\":\"https:\/\/www.glorialerin.com\/terapias\/#\/schema\/person\/f4409222b72fc0f7d40bd2cfe53b1f29\",\"name\":\"moon\",\"image\":{\"@type\":\"ImageObject\",\"inLanguage\":\"es\",\"@id\":\"https:\/\/www.glorialerin.com\/terapias\/#\/schema\/person\/image\/\",\"url\":\"https:\/\/secure.gravatar.com\/avatar\/e57afb0fb9a1bd08f259ead4ed3a3e13ce2a23534f01fe930b95d1ac825be35f?s=96&d=mm&r=g\",\"contentUrl\":\"https:\/\/secure.gravatar.com\/avatar\/e57afb0fb9a1bd08f259ead4ed3a3e13ce2a23534f01fe930b95d1ac825be35f?s=96&d=mm&r=g\",\"caption\":\"moon\"},\"url\":\"https:\/\/www.glorialerin.com\/terapias\/author\/moon\/\"}]}<\/script>\n<!-- \/ Yoast SEO plugin. -->","yoast_head_json":{"title":"Taller: La libertad de amar con autenticidad de Gloria Lerin. M\u00e9todo de Liberaci\u00f3n de las Corazas - Glora Lerin","robots":{"index":"index","follow":"follow","max-snippet":"max-snippet:-1","max-image-preview":"max-image-preview:large","max-video-preview":"max-video-preview:-1"},"canonical":"https:\/\/www.glorialerin.com\/terapias\/la-libertad-de-amar-con-autenticidad\/","og_locale":"es_ES","og_type":"article","og_title":"Taller: La libertad de amar con autenticidad de Gloria Lerin. M\u00e9todo de Liberaci\u00f3n de las Corazas - Glora Lerin","og_description":"M\u00c9TODO DE LIBERACI\u00d3N DE LAS CORAZAS \u00bfC\u00f3mo podemos responder a nuestras necesidades afectivas sin depender que los dem\u00e1s nos las satisfagan? \u00bfPara sentirte amado, te comportas de alguna forma determinada? \u00bfSabes c\u00f3mo te gustar\u00eda ser amado? En este taller vamos a explorar movimientos de despertar corporal basados en el M\u00e9todo de liberaci\u00f3n de las corazas, [&hellip;]","og_url":"https:\/\/www.glorialerin.com\/terapias\/la-libertad-de-amar-con-autenticidad\/","og_site_name":"Glora Lerin","article_published_time":"2018-01-18T08:33:56+00:00","article_modified_time":"2018-02-14T11:16:09+00:00","og_image":[{"width":400,"height":250,"url":"https:\/\/www.glorialerin.com\/terapias\/wp-content\/uploads\/2018\/01\/coraza-parental-gloria-lerin.jpg","type":"image\/jpeg"}],"author":"moon","twitter_card":"summary_large_image","twitter_misc":{"Escrito por":"moon","Tiempo de lectura":"2 minutos"},"schema":{"@context":"https:\/\/schema.org","@graph":[{"@type":"WebPage","@id":"https:\/\/www.glorialerin.com\/terapias\/la-libertad-de-amar-con-autenticidad\/","url":"https:\/\/www.glorialerin.com\/terapias\/la-libertad-de-amar-con-autenticidad\/","name":"Taller: La libertad de amar con autenticidad de Gloria Lerin. M\u00e9todo de Liberaci\u00f3n de las Corazas - Glora Lerin","isPartOf":{"@id":"https:\/\/www.glorialerin.com\/terapias\/#website"},"primaryImageOfPage":{"@id":"https:\/\/www.glorialerin.com\/terapias\/la-libertad-de-amar-con-autenticidad\/#primaryimage"},"image":{"@id":"https:\/\/www.glorialerin.com\/terapias\/la-libertad-de-amar-con-autenticidad\/#primaryimage"},"thumbnailUrl":"https:\/\/www.glorialerin.com\/terapias\/wp-content\/uploads\/2018\/01\/coraza-parental-gloria-lerin.jpg","datePublished":"2018-01-18T08:33:56+00:00","dateModified":"2018-02-14T11:16:09+00:00","author":{"@id":"https:\/\/www.glorialerin.com\/terapias\/#\/schema\/person\/f4409222b72fc0f7d40bd2cfe53b1f29"},"breadcrumb":{"@id":"https:\/\/www.glorialerin.com\/terapias\/la-libertad-de-amar-con-autenticidad\/#breadcrumb"},"inLanguage":"es","potentialAction":[{"@type":"ReadAction","target":["https:\/\/www.glorialerin.com\/terapias\/la-libertad-de-amar-con-autenticidad\/"]}]},{"@type":"ImageObject","inLanguage":"es","@id":"https:\/\/www.glorialerin.com\/terapias\/la-libertad-de-amar-con-autenticidad\/#primaryimage","url":"https:\/\/www.glorialerin.com\/terapias\/wp-content\/uploads\/2018\/01\/coraza-parental-gloria-lerin.jpg","contentUrl":"https:\/\/www.glorialerin.com\/terapias\/wp-content\/uploads\/2018\/01\/coraza-parental-gloria-lerin.jpg","width":400,"height":250},{"@type":"BreadcrumbList","@id":"https:\/\/www.glorialerin.com\/terapias\/la-libertad-de-amar-con-autenticidad\/#breadcrumb","itemListElement":[{"@type":"ListItem","position":1,"name":"Portada","item":"https:\/\/www.glorialerin.com\/terapias\/"},{"@type":"ListItem","position":2,"name":"Taller: La libertad de amar con autenticidad de Gloria Lerin. M\u00e9todo de Liberaci\u00f3n de las Corazas"}]},{"@type":"WebSite","@id":"https:\/\/www.glorialerin.com\/terapias\/#website","url":"https:\/\/www.glorialerin.com\/terapias\/","name":"Glora Lerin","description":"","potentialAction":[{"@type":"SearchAction","target":{"@type":"EntryPoint","urlTemplate":"https:\/\/www.glorialerin.com\/terapias\/?s={search_term_string}"},"query-input":{"@type":"PropertyValueSpecification","valueRequired":true,"valueName":"search_term_string"}}],"inLanguage":"es"},{"@type":"Person","@id":"https:\/\/www.glorialerin.com\/terapias\/#\/schema\/person\/f4409222b72fc0f7d40bd2cfe53b1f29","name":"moon","image":{"@type":"ImageObject","inLanguage":"es","@id":"https:\/\/www.glorialerin.com\/terapias\/#\/schema\/person\/image\/","url":"https:\/\/secure.gravatar.com\/avatar\/e57afb0fb9a1bd08f259ead4ed3a3e13ce2a23534f01fe930b95d1ac825be35f?s=96&d=mm&r=g","contentUrl":"https:\/\/secure.gravatar.com\/avatar\/e57afb0fb9a1bd08f259ead4ed3a3e13ce2a23534f01fe930b95d1ac825be35f?s=96&d=mm&r=g","caption":"moon"},"url":"https:\/\/www.glorialerin.com\/terapias\/author\/moon\/"}]}},"_links":{"self":[{"href":"https:\/\/www.glorialerin.com\/terapias\/wp-json\/wp\/v2\/posts\/376","targetHints":{"allow":["GET"]}}],"collection":[{"href":"https:\/\/www.glorialerin.com\/terapias\/wp-json\/wp\/v2\/posts"}],"about":[{"href":"https:\/\/www.glorialerin.com\/terapias\/wp-json\/wp\/v2\/types\/post"}],"author":[{"embeddable":true,"href":"https:\/\/www.glorialerin.com\/terapias\/wp-json\/wp\/v2\/users\/1"}],"replies":[{"embeddable":true,"href":"https:\/\/www.glorialerin.com\/terapias\/wp-json\/wp\/v2\/comments?post=376"}],"version-history":[{"count":5,"href":"https:\/\/www.glorialerin.com\/terapias\/wp-json\/wp\/v2\/posts\/376\/revisions"}],"predecessor-version":[{"id":459,"href":"https:\/\/www.glorialerin.com\/terapias\/wp-json\/wp\/v2\/posts\/376\/revisions\/459"}],"wp:featuredmedia":[{"embeddable":true,"href":"https:\/\/www.glorialerin.com\/terapias\/wp-json\/wp\/v2\/media\/385"}],"wp:attachment":[{"href":"https:\/\/www.glorialerin.com\/terapias\/wp-json\/wp\/v2\/media?parent=376"}],"wp:term":[{"taxonomy":"category","embeddable":true,"href":"https:\/\/www.glorialerin.com\/terapias\/wp-json\/wp\/v2\/categories?post=376"},{"taxonomy":"post_tag","embeddable":true,"href":"https:\/\/www.glorialerin.com\/terapias\/wp-json\/wp\/v2\/tags?post=376"},{"taxonomy":"table_tags","embeddable":true,"href":"https:\/\/www.glorialerin.com\/terapias\/wp-json\/wp\/v2\/table_tags?post=376"}],"curies":[{"name":"wp","href":"https:\/\/api.w.org\/{rel}","templated":true}]}}