{"id":3437,"date":"2024-12-19T12:07:03","date_gmt":"2024-12-19T11:07:03","guid":{"rendered":"https:\/\/www.glorialerin.com\/terapias\/inscribete-en-el-metodo-de-liberacion-de-las-corazas-mlc-impartido-por-gloria-lerin-2\/"},"modified":"2024-12-19T12:08:35","modified_gmt":"2024-12-19T11:08:35","slug":"proxima-formacion-del-metodo-de-liberacion-de-las-corazas-mlc-empieza-en-enero-2025","status":"publish","type":"post","link":"https:\/\/www.glorialerin.com\/terapias\/proxima-formacion-del-metodo-de-liberacion-de-las-corazas-mlc-empieza-en-enero-2025\/","title":{"rendered":"Pr\u00f3xima formaci\u00f3n del M\u00e9todo de Liberaci\u00f3n de las Corazas MLC\u00a9 empieza en enero 2025"},"content":{"rendered":"<p>[et_pb_section fb_built=\u00bb1&#8243; fullwidth=\u00bbon\u00bb _builder_version=\u00bb4.16&#8243; global_colors_info=\u00bb{}\u00bb][et_pb_fullwidth_slider _builder_version=\u00bb4.18.0&#8243; custom_padding=\u00bb|0px||0px\u00bb global_colors_info=\u00bb{}\u00bb button_text_size__hover_enabled=\u00bboff\u00bb button_text_size__hover=\u00bbnull\u00bb button_one_text_size__hover_enabled=\u00bboff\u00bb button_one_text_size__hover=\u00bbnull\u00bb button_two_text_size__hover_enabled=\u00bboff\u00bb button_two_text_size__hover=\u00bbnull\u00bb button_text_color__hover_enabled=\u00bboff\u00bb button_text_color__hover=\u00bbnull\u00bb button_one_text_color__hover_enabled=\u00bboff\u00bb button_one_text_color__hover=\u00bbnull\u00bb button_two_text_color__hover_enabled=\u00bboff\u00bb button_two_text_color__hover=\u00bbnull\u00bb button_border_width__hover_enabled=\u00bboff\u00bb button_border_width__hover=\u00bbnull\u00bb button_one_border_width__hover_enabled=\u00bboff\u00bb button_one_border_width__hover=\u00bbnull\u00bb button_two_border_width__hover_enabled=\u00bboff\u00bb button_two_border_width__hover=\u00bbnull\u00bb button_border_color__hover_enabled=\u00bboff\u00bb button_border_color__hover=\u00bbnull\u00bb button_one_border_color__hover_enabled=\u00bboff\u00bb button_one_border_color__hover=\u00bbnull\u00bb button_two_border_color__hover_enabled=\u00bboff\u00bb button_two_border_color__hover=\u00bbnull\u00bb button_border_radius__hover_enabled=\u00bboff\u00bb button_border_radius__hover=\u00bbnull\u00bb button_one_border_radius__hover_enabled=\u00bboff\u00bb button_one_border_radius__hover=\u00bbnull\u00bb button_two_border_radius__hover_enabled=\u00bboff\u00bb button_two_border_radius__hover=\u00bbnull\u00bb button_letter_spacing__hover_enabled=\u00bboff\u00bb button_letter_spacing__hover=\u00bbnull\u00bb button_one_letter_spacing__hover_enabled=\u00bboff\u00bb button_one_letter_spacing__hover=\u00bbnull\u00bb button_two_letter_spacing__hover_enabled=\u00bboff\u00bb button_two_letter_spacing__hover=\u00bbnull\u00bb button_bg_color__hover_enabled=\u00bboff\u00bb button_bg_color__hover=\u00bbnull\u00bb button_one_bg_color__hover_enabled=\u00bboff\u00bb button_one_bg_color__hover=\u00bbnull\u00bb button_two_bg_color__hover_enabled=\u00bboff\u00bb button_two_bg_color__hover=\u00bbnull\u00bb][et_pb_slide heading=\u00bbPR\u00d3XIMA FORMACI\u00d3N DEL MLC\u00a9 EMPIEZA EN ENERO 2025&#8243; use_bg_overlay=\u00bboff\u00bb use_text_overlay=\u00bboff\u00bb _builder_version=\u00bb4.18.0&#8243; header_font=\u00bbMontserrat|700|||||||\u00bb header_text_color=\u00bb#ffffff\u00bb header_font_size=\u00bb50px\u00bb body_font=\u00bbMontserrat|700|||||||\u00bb body_text_color=\u00bb#ffffff\u00bb body_font_size=\u00bb20px\u00bb use_background_color_gradient=\u00bbon\u00bb background_color_gradient_stops=\u00bb#ffffff 0%|#ffffff 100%\u00bb background_color_gradient_start=\u00bb#ffffff\u00bb background_color_gradient_end=\u00bb#ffffff\u00bb background_image=\u00bbhttps:\/\/www.glorialerin.com\/terapias\/wp-content\/uploads\/2024\/09\/Captura-de-pantalla-2024-09-18-a-les-17.29.44.png\u00bb background_enable_image=\u00bbon\u00bb button_on_hover=\u00bbon\u00bb custom_padding=\u00bb210px||210px|\u00bb custom_padding_tablet=\u00bb50px||50px|\u00bb custom_padding_phone=\u00bb50px||50px|\u00bb header_font_size_tablet=\u00bb50px\u00bb header_font_size_phone=\u00bb50px\u00bb body_font_size_tablet=\u00bb20px\u00bb body_font_size_phone=\u00bb20px\u00bb global_colors_info=\u00bb{}\u00bb sticky_transition=\u00bbon\u00bb]Impartido por Gloria Lerin[\/et_pb_slide][\/et_pb_fullwidth_slider][\/et_pb_section][et_pb_section fb_built=\u00bb1&#8243; _builder_version=\u00bb4.18.0&#8243; custom_padding=\u00bb54px|0px|10px|0px|false|false\u00bb global_colors_info=\u00bb{}\u00bb][et_pb_row column_structure=\u00bb1_2,1_2&#8243; _builder_version=\u00bb4.16&#8243; global_colors_info=\u00bb{}\u00bb][et_pb_column type=\u00bb1_2&#8243; _builder_version=\u00bb4.16&#8243; custom_padding=\u00bb|||\u00bb global_colors_info=\u00bb{}\u00bb custom_padding__hover=\u00bb|||\u00bb][et_pb_text _builder_version=\u00bb4.18.0&#8243; global_colors_info=\u00bb{}\u00bb]En esta formaci\u00f3n vamos a explorar como relajar las tensiones tanto f\u00edsicas como emocionales y ps\u00edquicas. Establecemos un di\u00e1logo con el inconsciente a trav\u00e9s del cuerpo a fin de liberar los condicionamientos y las creencias recibidas por nuestros padres, el entorno familiar, la sociedad y la cultura<br \/>\nAn\u00edmate a participar en esta gran aventura que te llevar\u00e1 a reencontrarte con quien realmente eres.<br \/>\nInformaci\u00f3n: info@glorialerin.com<br \/>\nwww.glorialerin.com[\/et_pb_text][\/et_pb_column][et_pb_column type=\u00bb1_2&#8243; _builder_version=\u00bb4.16&#8243; custom_padding=\u00bb|||\u00bb global_colors_info=\u00bb{}\u00bb custom_padding__hover=\u00bb|||\u00bb][et_pb_text _builder_version=\u00bb4.27.4&#8243; hover_enabled=\u00bb0&#8243; global_colors_info=\u00bb{}\u00bb sticky_enabled=\u00bb0&#8243;]<iframe loading=\"lazy\" width=\"560\" height=\"315\" src=\"https:\/\/www.youtube.com\/embed\/JXyNw-NTCD4?si=V35Oz51T2hNzZRAY\" title=\"YouTube video player\" frameborder=\"0\" allow=\"accelerometer; autoplay; clipboard-write; encrypted-media; gyroscope; picture-in-picture; web-share\" referrerpolicy=\"strict-origin-when-cross-origin\" allowfullscreen><\/iframe>[\/et_pb_text][\/et_pb_column][\/et_pb_row][\/et_pb_section]<\/p>\n","protected":false},"excerpt":{"rendered":"<p>Impartido por Gloria LerinEn esta formaci\u00f3n vamos a explorar como relajar las tensiones tanto f\u00edsicas como emocionales y ps\u00edquicas. Establecemos un di\u00e1logo con el inconsciente a trav\u00e9s del cuerpo a fin de liberar los condicionamientos y las creencias recibidas por nuestros padres, el entorno familiar, la sociedad y la cultura An\u00edmate a participar en esta [&hellip;]<\/p>\n","protected":false},"author":1,"featured_media":3439,"comment_status":"closed","ping_status":"closed","sticky":false,"template":"","format":"standard","meta":{"_et_pb_use_builder":"on","_et_pb_old_content":"","_et_gb_content_width":"","footnotes":""},"categories":[1],"tags":[],"table_tags":[],"class_list":["post-3437","post","type-post","status-publish","format-standard","has-post-thumbnail","hentry","category-sin-categoria"],"yoast_head":"<!-- This site is optimized with the Yoast SEO plugin v26.2 - https:\/\/yoast.com\/wordpress\/plugins\/seo\/ -->\n<title>Pr\u00f3xima formaci\u00f3n del M\u00e9todo de Liberaci\u00f3n de las Corazas MLC\u00a9 empieza en enero 2025 - Glora Lerin<\/title>\n<meta name=\"robots\" content=\"index, follow, max-snippet:-1, max-image-preview:large, max-video-preview:-1\" \/>\n<link rel=\"canonical\" href=\"https:\/\/www.glorialerin.com\/terapias\/proxima-formacion-del-metodo-de-liberacion-de-las-corazas-mlc-empieza-en-enero-2025\/\" \/>\n<meta property=\"og:locale\" content=\"es_ES\" \/>\n<meta property=\"og:type\" content=\"article\" \/>\n<meta property=\"og:title\" content=\"Pr\u00f3xima formaci\u00f3n del M\u00e9todo de Liberaci\u00f3n de las Corazas MLC\u00a9 empieza en enero 2025 - Glora Lerin\" \/>\n<meta property=\"og:description\" content=\"Impartido por Gloria LerinEn esta formaci\u00f3n vamos a explorar como relajar las tensiones tanto f\u00edsicas como emocionales y ps\u00edquicas. Establecemos un di\u00e1logo con el inconsciente a trav\u00e9s del cuerpo a fin de liberar los condicionamientos y las creencias recibidas por nuestros padres, el entorno familiar, la sociedad y la cultura An\u00edmate a participar en esta [&hellip;]\" \/>\n<meta property=\"og:url\" content=\"https:\/\/www.glorialerin.com\/terapias\/proxima-formacion-del-metodo-de-liberacion-de-las-corazas-mlc-empieza-en-enero-2025\/\" \/>\n<meta property=\"og:site_name\" content=\"Glora Lerin\" \/>\n<meta property=\"article:published_time\" content=\"2024-12-19T11:07:03+00:00\" \/>\n<meta property=\"article:modified_time\" content=\"2024-12-19T11:08:35+00:00\" \/>\n<meta property=\"og:image\" content=\"https:\/\/www.glorialerin.com\/terapias\/wp-content\/uploads\/2024\/09\/proxima-mlc-1024x574.png\" \/>\n\t<meta property=\"og:image:width\" content=\"1024\" \/>\n\t<meta property=\"og:image:height\" content=\"574\" \/>\n\t<meta property=\"og:image:type\" content=\"image\/png\" \/>\n<meta name=\"author\" content=\"moon\" \/>\n<meta name=\"twitter:card\" content=\"summary_large_image\" \/>\n<meta name=\"twitter:label1\" content=\"Escrito por\" \/>\n\t<meta name=\"twitter:data1\" content=\"moon\" \/>\n\t<meta name=\"twitter:label2\" content=\"Tiempo de lectura\" \/>\n\t<meta name=\"twitter:data2\" content=\"1 minuto\" \/>\n<script type=\"application\/ld+json\" class=\"yoast-schema-graph\">{\"@context\":\"https:\/\/schema.org\",\"@graph\":[{\"@type\":\"WebPage\",\"@id\":\"https:\/\/www.glorialerin.com\/terapias\/proxima-formacion-del-metodo-de-liberacion-de-las-corazas-mlc-empieza-en-enero-2025\/\",\"url\":\"https:\/\/www.glorialerin.com\/terapias\/proxima-formacion-del-metodo-de-liberacion-de-las-corazas-mlc-empieza-en-enero-2025\/\",\"name\":\"Pr\u00f3xima formaci\u00f3n del M\u00e9todo de Liberaci\u00f3n de las Corazas MLC\u00a9 empieza en enero 2025 - Glora Lerin\",\"isPartOf\":{\"@id\":\"https:\/\/www.glorialerin.com\/terapias\/#website\"},\"primaryImageOfPage\":{\"@id\":\"https:\/\/www.glorialerin.com\/terapias\/proxima-formacion-del-metodo-de-liberacion-de-las-corazas-mlc-empieza-en-enero-2025\/#primaryimage\"},\"image\":{\"@id\":\"https:\/\/www.glorialerin.com\/terapias\/proxima-formacion-del-metodo-de-liberacion-de-las-corazas-mlc-empieza-en-enero-2025\/#primaryimage\"},\"thumbnailUrl\":\"https:\/\/www.glorialerin.com\/terapias\/wp-content\/uploads\/2024\/09\/proxima-mlc.png\",\"datePublished\":\"2024-12-19T11:07:03+00:00\",\"dateModified\":\"2024-12-19T11:08:35+00:00\",\"author\":{\"@id\":\"https:\/\/www.glorialerin.com\/terapias\/#\/schema\/person\/f4409222b72fc0f7d40bd2cfe53b1f29\"},\"breadcrumb\":{\"@id\":\"https:\/\/www.glorialerin.com\/terapias\/proxima-formacion-del-metodo-de-liberacion-de-las-corazas-mlc-empieza-en-enero-2025\/#breadcrumb\"},\"inLanguage\":\"es\",\"potentialAction\":[{\"@type\":\"ReadAction\",\"target\":[\"https:\/\/www.glorialerin.com\/terapias\/proxima-formacion-del-metodo-de-liberacion-de-las-corazas-mlc-empieza-en-enero-2025\/\"]}]},{\"@type\":\"ImageObject\",\"inLanguage\":\"es\",\"@id\":\"https:\/\/www.glorialerin.com\/terapias\/proxima-formacion-del-metodo-de-liberacion-de-las-corazas-mlc-empieza-en-enero-2025\/#primaryimage\",\"url\":\"https:\/\/www.glorialerin.com\/terapias\/wp-content\/uploads\/2024\/09\/proxima-mlc.png\",\"contentUrl\":\"https:\/\/www.glorialerin.com\/terapias\/wp-content\/uploads\/2024\/09\/proxima-mlc.png\",\"width\":1917,\"height\":1074},{\"@type\":\"BreadcrumbList\",\"@id\":\"https:\/\/www.glorialerin.com\/terapias\/proxima-formacion-del-metodo-de-liberacion-de-las-corazas-mlc-empieza-en-enero-2025\/#breadcrumb\",\"itemListElement\":[{\"@type\":\"ListItem\",\"position\":1,\"name\":\"Portada\",\"item\":\"https:\/\/www.glorialerin.com\/terapias\/\"},{\"@type\":\"ListItem\",\"position\":2,\"name\":\"Pr\u00f3xima formaci\u00f3n del M\u00e9todo de Liberaci\u00f3n de las Corazas MLC\u00a9 empieza en enero 2025\"}]},{\"@type\":\"WebSite\",\"@id\":\"https:\/\/www.glorialerin.com\/terapias\/#website\",\"url\":\"https:\/\/www.glorialerin.com\/terapias\/\",\"name\":\"Glora Lerin\",\"description\":\"\",\"potentialAction\":[{\"@type\":\"SearchAction\",\"target\":{\"@type\":\"EntryPoint\",\"urlTemplate\":\"https:\/\/www.glorialerin.com\/terapias\/?s={search_term_string}\"},\"query-input\":{\"@type\":\"PropertyValueSpecification\",\"valueRequired\":true,\"valueName\":\"search_term_string\"}}],\"inLanguage\":\"es\"},{\"@type\":\"Person\",\"@id\":\"https:\/\/www.glorialerin.com\/terapias\/#\/schema\/person\/f4409222b72fc0f7d40bd2cfe53b1f29\",\"name\":\"moon\",\"image\":{\"@type\":\"ImageObject\",\"inLanguage\":\"es\",\"@id\":\"https:\/\/www.glorialerin.com\/terapias\/#\/schema\/person\/image\/\",\"url\":\"https:\/\/secure.gravatar.com\/avatar\/e57afb0fb9a1bd08f259ead4ed3a3e13ce2a23534f01fe930b95d1ac825be35f?s=96&d=mm&r=g\",\"contentUrl\":\"https:\/\/secure.gravatar.com\/avatar\/e57afb0fb9a1bd08f259ead4ed3a3e13ce2a23534f01fe930b95d1ac825be35f?s=96&d=mm&r=g\",\"caption\":\"moon\"},\"url\":\"https:\/\/www.glorialerin.com\/terapias\/author\/moon\/\"}]}<\/script>\n<!-- \/ Yoast SEO plugin. -->","yoast_head_json":{"title":"Pr\u00f3xima formaci\u00f3n del M\u00e9todo de Liberaci\u00f3n de las Corazas MLC\u00a9 empieza en enero 2025 - Glora Lerin","robots":{"index":"index","follow":"follow","max-snippet":"max-snippet:-1","max-image-preview":"max-image-preview:large","max-video-preview":"max-video-preview:-1"},"canonical":"https:\/\/www.glorialerin.com\/terapias\/proxima-formacion-del-metodo-de-liberacion-de-las-corazas-mlc-empieza-en-enero-2025\/","og_locale":"es_ES","og_type":"article","og_title":"Pr\u00f3xima formaci\u00f3n del M\u00e9todo de Liberaci\u00f3n de las Corazas MLC\u00a9 empieza en enero 2025 - Glora Lerin","og_description":"Impartido por Gloria LerinEn esta formaci\u00f3n vamos a explorar como relajar las tensiones tanto f\u00edsicas como emocionales y ps\u00edquicas. Establecemos un di\u00e1logo con el inconsciente a trav\u00e9s del cuerpo a fin de liberar los condicionamientos y las creencias recibidas por nuestros padres, el entorno familiar, la sociedad y la cultura An\u00edmate a participar en esta [&hellip;]","og_url":"https:\/\/www.glorialerin.com\/terapias\/proxima-formacion-del-metodo-de-liberacion-de-las-corazas-mlc-empieza-en-enero-2025\/","og_site_name":"Glora Lerin","article_published_time":"2024-12-19T11:07:03+00:00","article_modified_time":"2024-12-19T11:08:35+00:00","og_image":[{"width":1024,"height":574,"url":"https:\/\/www.glorialerin.com\/terapias\/wp-content\/uploads\/2024\/09\/proxima-mlc-1024x574.png","type":"image\/png"}],"author":"moon","twitter_card":"summary_large_image","twitter_misc":{"Escrito por":"moon","Tiempo de lectura":"1 minuto"},"schema":{"@context":"https:\/\/schema.org","@graph":[{"@type":"WebPage","@id":"https:\/\/www.glorialerin.com\/terapias\/proxima-formacion-del-metodo-de-liberacion-de-las-corazas-mlc-empieza-en-enero-2025\/","url":"https:\/\/www.glorialerin.com\/terapias\/proxima-formacion-del-metodo-de-liberacion-de-las-corazas-mlc-empieza-en-enero-2025\/","name":"Pr\u00f3xima formaci\u00f3n del M\u00e9todo de Liberaci\u00f3n de las Corazas MLC\u00a9 empieza en enero 2025 - Glora Lerin","isPartOf":{"@id":"https:\/\/www.glorialerin.com\/terapias\/#website"},"primaryImageOfPage":{"@id":"https:\/\/www.glorialerin.com\/terapias\/proxima-formacion-del-metodo-de-liberacion-de-las-corazas-mlc-empieza-en-enero-2025\/#primaryimage"},"image":{"@id":"https:\/\/www.glorialerin.com\/terapias\/proxima-formacion-del-metodo-de-liberacion-de-las-corazas-mlc-empieza-en-enero-2025\/#primaryimage"},"thumbnailUrl":"https:\/\/www.glorialerin.com\/terapias\/wp-content\/uploads\/2024\/09\/proxima-mlc.png","datePublished":"2024-12-19T11:07:03+00:00","dateModified":"2024-12-19T11:08:35+00:00","author":{"@id":"https:\/\/www.glorialerin.com\/terapias\/#\/schema\/person\/f4409222b72fc0f7d40bd2cfe53b1f29"},"breadcrumb":{"@id":"https:\/\/www.glorialerin.com\/terapias\/proxima-formacion-del-metodo-de-liberacion-de-las-corazas-mlc-empieza-en-enero-2025\/#breadcrumb"},"inLanguage":"es","potentialAction":[{"@type":"ReadAction","target":["https:\/\/www.glorialerin.com\/terapias\/proxima-formacion-del-metodo-de-liberacion-de-las-corazas-mlc-empieza-en-enero-2025\/"]}]},{"@type":"ImageObject","inLanguage":"es","@id":"https:\/\/www.glorialerin.com\/terapias\/proxima-formacion-del-metodo-de-liberacion-de-las-corazas-mlc-empieza-en-enero-2025\/#primaryimage","url":"https:\/\/www.glorialerin.com\/terapias\/wp-content\/uploads\/2024\/09\/proxima-mlc.png","contentUrl":"https:\/\/www.glorialerin.com\/terapias\/wp-content\/uploads\/2024\/09\/proxima-mlc.png","width":1917,"height":1074},{"@type":"BreadcrumbList","@id":"https:\/\/www.glorialerin.com\/terapias\/proxima-formacion-del-metodo-de-liberacion-de-las-corazas-mlc-empieza-en-enero-2025\/#breadcrumb","itemListElement":[{"@type":"ListItem","position":1,"name":"Portada","item":"https:\/\/www.glorialerin.com\/terapias\/"},{"@type":"ListItem","position":2,"name":"Pr\u00f3xima formaci\u00f3n del M\u00e9todo de Liberaci\u00f3n de las Corazas MLC\u00a9 empieza en enero 2025"}]},{"@type":"WebSite","@id":"https:\/\/www.glorialerin.com\/terapias\/#website","url":"https:\/\/www.glorialerin.com\/terapias\/","name":"Glora Lerin","description":"","potentialAction":[{"@type":"SearchAction","target":{"@type":"EntryPoint","urlTemplate":"https:\/\/www.glorialerin.com\/terapias\/?s={search_term_string}"},"query-input":{"@type":"PropertyValueSpecification","valueRequired":true,"valueName":"search_term_string"}}],"inLanguage":"es"},{"@type":"Person","@id":"https:\/\/www.glorialerin.com\/terapias\/#\/schema\/person\/f4409222b72fc0f7d40bd2cfe53b1f29","name":"moon","image":{"@type":"ImageObject","inLanguage":"es","@id":"https:\/\/www.glorialerin.com\/terapias\/#\/schema\/person\/image\/","url":"https:\/\/secure.gravatar.com\/avatar\/e57afb0fb9a1bd08f259ead4ed3a3e13ce2a23534f01fe930b95d1ac825be35f?s=96&d=mm&r=g","contentUrl":"https:\/\/secure.gravatar.com\/avatar\/e57afb0fb9a1bd08f259ead4ed3a3e13ce2a23534f01fe930b95d1ac825be35f?s=96&d=mm&r=g","caption":"moon"},"url":"https:\/\/www.glorialerin.com\/terapias\/author\/moon\/"}]}},"_links":{"self":[{"href":"https:\/\/www.glorialerin.com\/terapias\/wp-json\/wp\/v2\/posts\/3437","targetHints":{"allow":["GET"]}}],"collection":[{"href":"https:\/\/www.glorialerin.com\/terapias\/wp-json\/wp\/v2\/posts"}],"about":[{"href":"https:\/\/www.glorialerin.com\/terapias\/wp-json\/wp\/v2\/types\/post"}],"author":[{"embeddable":true,"href":"https:\/\/www.glorialerin.com\/terapias\/wp-json\/wp\/v2\/users\/1"}],"replies":[{"embeddable":true,"href":"https:\/\/www.glorialerin.com\/terapias\/wp-json\/wp\/v2\/comments?post=3437"}],"version-history":[{"count":3,"href":"https:\/\/www.glorialerin.com\/terapias\/wp-json\/wp\/v2\/posts\/3437\/revisions"}],"predecessor-version":[{"id":3544,"href":"https:\/\/www.glorialerin.com\/terapias\/wp-json\/wp\/v2\/posts\/3437\/revisions\/3544"}],"wp:featuredmedia":[{"embeddable":true,"href":"https:\/\/www.glorialerin.com\/terapias\/wp-json\/wp\/v2\/media\/3439"}],"wp:attachment":[{"href":"https:\/\/www.glorialerin.com\/terapias\/wp-json\/wp\/v2\/media?parent=3437"}],"wp:term":[{"taxonomy":"category","embeddable":true,"href":"https:\/\/www.glorialerin.com\/terapias\/wp-json\/wp\/v2\/categories?post=3437"},{"taxonomy":"post_tag","embeddable":true,"href":"https:\/\/www.glorialerin.com\/terapias\/wp-json\/wp\/v2\/tags?post=3437"},{"taxonomy":"table_tags","embeddable":true,"href":"https:\/\/www.glorialerin.com\/terapias\/wp-json\/wp\/v2\/table_tags?post=3437"}],"curies":[{"name":"wp","href":"https:\/\/api.w.org\/{rel}","templated":true}]}}